{"id":8874,"date":"2024-05-30T12:40:59","date_gmt":"2024-05-30T12:40:59","guid":{"rendered":"https:\/\/festival.hfd.digital\/de\/?p=8874"},"modified":"2025-07-29T09:11:41","modified_gmt":"2025-07-29T09:11:41","slug":"rugs-and-tales","status":"publish","type":"post","link":"https:\/\/festival.hfd.digital\/de\/rugs-and-tales\/","title":{"rendered":"rugs + tales \u2013 wall hanging tales of tomorrow"},"content":{"rendered":"\n<p class=\"has-medium-font-size\"><em><strong>Partizipative Installation, Handarbeit, Designlehre, Soundcollagen<\/strong><\/em><\/p>\n\n\n\n<p class=\"has-medium-font-size\"><\/p>\n\n\n\n<p class=\"has-medium-font-size\">Wie sieht die Zukunft der Designlehre aus? Wie lehren wir in Zukunft Design?<\/p>\n\n\n\n<p><\/p>\n\n\n\n<p class=\"has-medium-font-size\">Interaktive Wandteppiche gehen diesen Fragen in Form von <strong>typografischen Botschaften<\/strong> und <strong>Soundcollagen<\/strong> nach. Die Inhalte daf\u00fcr generieren sich aus dem Material, welches die iF Design Foundation im Rahmen ihres mehrj\u00e4hrigen Open Campus Projektes \u201cDesigning Design Education \u2013 Impulse f\u00fcr ein neues Curriculum\u201c in Kollaboration mit Die Neue Sammlung \u2013 Design Museum, M\u00fcnchen sammelt und publiziert.<\/p>\n\n\n\n<p class=\"has-medium-font-size\"><\/p>\n\n\n\n<div class=\"wp-block-buttons is-layout-flex wp-block-buttons-is-layout-flex\">\n<div class=\"wp-block-button\"><a class=\"wp-block-button__link has-background wp-element-button\" href=\"https:\/\/if-designfoundation.org\/projekte_pt\/designing-design-education-impulse-fuer-ein-neues-curriculum-2023-2025\/\" style=\"background:linear-gradient(135deg,rgb(73,224,255) 0%,rgb(255,134,253) 99%)\">Designing Design Education<\/a><\/div>\n<\/div>\n\n\n\n<p><\/p>\n\n\n\n<p class=\"has-medium-font-size\">In der <strong>partizipativen Installation<\/strong> k\u00f6nnen die Besucher:innen des Festivals den Entstehungsprozess der handgekn\u00fcpften Teppiche nachvollziehen. Sie sind eingeladen kollaborativ den Teppich \u201c<strong>Tales of Tomorrow<\/strong>\u201c zu tuften, dabei in den pers\u00f6nlichen Austausch<strong> <\/strong>\u00fcber die Tales des Festivals und die Lehre f\u00fcrs 21. Jahrhundert zu treten und an die traditionell enge Beziehung von <strong>Erz\u00e4hlen und Handarbeit<\/strong> anzukn\u00fcpfen.<\/p>\n\n\n\n<p><\/p>\n\n\n\n<div class=\"wp-block-group is-nowrap is-layout-flex wp-container-core-group-is-layout-ad2f72ca wp-block-group-is-layout-flex\">\n<figure class=\"wp-block-image size-full is-resized\"><img loading=\"lazy\" decoding=\"async\" width=\"640\" height=\"427\" src=\"https:\/\/festival.hfd.digital\/de\/wp-content\/uploads\/sites\/3\/2024\/05\/Foto-Wandteppich.jpg\" alt=\"Foto eines Wandteppichs aus dem Projekt rugs and tales. Der Teppich ist in verschiedenen Farben gehalten, besonders verschiedene Gr\u00fcnt\u00f6ne stechen hervor. Es sind einige Leuchtdioden verwoben, die gr\u00fcnes Licht ausstrahlen.\" class=\"wp-image-8889\" style=\"width:411px;height:auto\" srcset=\"https:\/\/festival.hfd.digital\/de\/wp-content\/uploads\/sites\/3\/2024\/05\/Foto-Wandteppich.jpg 640w, https:\/\/festival.hfd.digital\/de\/wp-content\/uploads\/sites\/3\/2024\/05\/Foto-Wandteppich-250x167.jpg 250w, https:\/\/festival.hfd.digital\/de\/wp-content\/uploads\/sites\/3\/2024\/05\/Foto-Wandteppich-120x80.jpg 120w\" sizes=\"auto, (max-width: 640px) 100vw, 640px\" \/><\/figure>\n\n\n\n<figure class=\"wp-block-image size-full is-resized\"><img loading=\"lazy\" decoding=\"async\" width=\"640\" height=\"425\" src=\"https:\/\/festival.hfd.digital\/de\/wp-content\/uploads\/sites\/3\/2024\/05\/Tale_Teppich_01.jpeg\" alt=\"Wandteppich aus dem Projekt rugs + tales\" class=\"wp-image-9278\" style=\"width:414px;height:auto\" srcset=\"https:\/\/festival.hfd.digital\/de\/wp-content\/uploads\/sites\/3\/2024\/05\/Tale_Teppich_01.jpeg 640w, https:\/\/festival.hfd.digital\/de\/wp-content\/uploads\/sites\/3\/2024\/05\/Tale_Teppich_01-250x166.jpeg 250w, https:\/\/festival.hfd.digital\/de\/wp-content\/uploads\/sites\/3\/2024\/05\/Tale_Teppich_01-120x80.jpeg 120w\" sizes=\"auto, (max-width: 640px) 100vw, 640px\" \/><\/figure>\n<\/div>\n\n\n\n<p><\/p>\n\n\n\n<p class=\"has-medium-font-size\">Im Creative:Space dokumentieren wir die partizipative Entstehung des typografischen Teppichs. <\/p>\n\n\n\n<div class=\"wp-block-group alignfull has-background\" style=\"background:linear-gradient(135deg,rgb(73,224,255) 0%,rgb(255,134,253) 100%);padding-top:6vw;padding-right:6vw;padding-bottom:6vw;padding-left:6vw\"><div class=\"wp-block-group__inner-container is-layout-flow wp-block-group-is-layout-flow\">\n<div class=\"wp-block-columns is-layout-flex wp-container-core-columns-is-layout-9d6595d7 wp-block-columns-is-layout-flex\">\n<div class=\"wp-block-column is-layout-flow wp-block-column-is-layout-flow\" style=\"flex-basis:66.66%\">\n<figure class=\"wp-block-image size-full\"><img loading=\"lazy\" decoding=\"async\" width=\"480\" height=\"640\" src=\"https:\/\/festival.hfd.digital\/de\/wp-content\/uploads\/sites\/3\/2024\/05\/WhatsApp-Image-2024-06-06-at-08.44.36-2.jpeg\" alt=\"\" class=\"wp-image-9414\" srcset=\"https:\/\/festival.hfd.digital\/de\/wp-content\/uploads\/sites\/3\/2024\/05\/WhatsApp-Image-2024-06-06-at-08.44.36-2.jpeg 480w, https:\/\/festival.hfd.digital\/de\/wp-content\/uploads\/sites\/3\/2024\/05\/WhatsApp-Image-2024-06-06-at-08.44.36-2-250x333.jpeg 250w, https:\/\/festival.hfd.digital\/de\/wp-content\/uploads\/sites\/3\/2024\/05\/WhatsApp-Image-2024-06-06-at-08.44.36-2-120x160.jpeg 120w\" sizes=\"auto, (max-width: 480px) 100vw, 480px\" \/><\/figure>\n<\/div>\n\n\n\n<div class=\"wp-block-column is-layout-flow wp-block-column-is-layout-flow\" style=\"flex-basis:33.33%\">\n<p class=\"has-medium-font-size\">Am ersten Nachmittag ist der Teppich \u201cTales of Tomorrow\u201c im Entstehungsprozess.<\/p>\n<\/div>\n<\/div>\n\n\n\n<div class=\"wp-block-columns is-layout-flex wp-container-core-columns-is-layout-9d6595d7 wp-block-columns-is-layout-flex\">\n<div class=\"wp-block-column is-layout-flow wp-block-column-is-layout-flow\" style=\"flex-basis:33.33%\">\n<p class=\"has-medium-font-size\">Auf der Vorderseite des Teppichs werden die getufteten Buchstaben in Form gebracht.<\/p>\n<\/div>\n\n\n\n<div class=\"wp-block-column is-layout-flow wp-block-column-is-layout-flow\" style=\"flex-basis:66.66%\">\n<figure class=\"wp-block-image size-full\"><img loading=\"lazy\" decoding=\"async\" width=\"640\" height=\"480\" src=\"https:\/\/festival.hfd.digital\/de\/wp-content\/uploads\/sites\/3\/2024\/05\/WhatsApp-Image-2024-06-06-at-08.44.36-27.jpeg\" alt=\"\" class=\"wp-image-9413\" srcset=\"https:\/\/festival.hfd.digital\/de\/wp-content\/uploads\/sites\/3\/2024\/05\/WhatsApp-Image-2024-06-06-at-08.44.36-27.jpeg 640w, https:\/\/festival.hfd.digital\/de\/wp-content\/uploads\/sites\/3\/2024\/05\/WhatsApp-Image-2024-06-06-at-08.44.36-27-250x188.jpeg 250w, https:\/\/festival.hfd.digital\/de\/wp-content\/uploads\/sites\/3\/2024\/05\/WhatsApp-Image-2024-06-06-at-08.44.36-27-120x90.jpeg 120w\" sizes=\"auto, (max-width: 640px) 100vw, 640px\" \/><\/figure>\n<\/div>\n<\/div>\n\n\n\n<div class=\"wp-block-columns is-layout-flex wp-container-core-columns-is-layout-9d6595d7 wp-block-columns-is-layout-flex\">\n<div class=\"wp-block-column is-layout-flow wp-block-column-is-layout-flow\" style=\"flex-basis:66.66%\">\n<figure class=\"wp-block-image size-full\"><img loading=\"lazy\" decoding=\"async\" width=\"640\" height=\"480\" src=\"https:\/\/festival.hfd.digital\/de\/wp-content\/uploads\/sites\/3\/2024\/05\/WhatsApp-Image-2024-06-06-at-08.44.36-29.jpeg\" alt=\"\" class=\"wp-image-9412\" srcset=\"https:\/\/festival.hfd.digital\/de\/wp-content\/uploads\/sites\/3\/2024\/05\/WhatsApp-Image-2024-06-06-at-08.44.36-29.jpeg 640w, https:\/\/festival.hfd.digital\/de\/wp-content\/uploads\/sites\/3\/2024\/05\/WhatsApp-Image-2024-06-06-at-08.44.36-29-250x188.jpeg 250w, https:\/\/festival.hfd.digital\/de\/wp-content\/uploads\/sites\/3\/2024\/05\/WhatsApp-Image-2024-06-06-at-08.44.36-29-120x90.jpeg 120w\" sizes=\"auto, (max-width: 640px) 100vw, 640px\" \/><\/figure>\n<\/div>\n\n\n\n<div class=\"wp-block-column is-layout-flow wp-block-column-is-layout-flow\" style=\"flex-basis:33.33%\">\n<p class=\"has-medium-font-size\">Auf der R\u00fcckseite werden die Wollf\u00e4den mit der Tufting Gun eingebracht.<\/p>\n<\/div>\n<\/div>\n\n\n\n<div class=\"wp-block-columns is-layout-flex wp-container-core-columns-is-layout-9d6595d7 wp-block-columns-is-layout-flex\">\n<div class=\"wp-block-column is-layout-flow wp-block-column-is-layout-flow\" style=\"flex-basis:33.33%\">\n<p class=\"has-medium-font-size\">Der kollaborative Festival-Teppich im Entstehen am zweiten Festival-Tag.<\/p>\n<\/div>\n\n\n\n<div class=\"wp-block-column is-layout-flow wp-block-column-is-layout-flow\" style=\"flex-basis:66.66%\">\n<figure class=\"wp-block-image size-full\"><img loading=\"lazy\" decoding=\"async\" width=\"480\" height=\"640\" src=\"https:\/\/festival.hfd.digital\/de\/wp-content\/uploads\/sites\/3\/2024\/06\/IMG_6896-rotated.jpeg\" alt=\"\" class=\"wp-image-9431\" srcset=\"https:\/\/festival.hfd.digital\/de\/wp-content\/uploads\/sites\/3\/2024\/06\/IMG_6896-rotated.jpeg 480w, https:\/\/festival.hfd.digital\/de\/wp-content\/uploads\/sites\/3\/2024\/06\/IMG_6896-250x333.jpeg 250w, https:\/\/festival.hfd.digital\/de\/wp-content\/uploads\/sites\/3\/2024\/06\/IMG_6896-120x160.jpeg 120w\" sizes=\"auto, (max-width: 480px) 100vw, 480px\" \/><\/figure>\n<\/div>\n<\/div>\n\n\n\n<div class=\"wp-block-columns is-layout-flex wp-container-core-columns-is-layout-9d6595d7 wp-block-columns-is-layout-flex\">\n<div class=\"wp-block-column is-layout-flow wp-block-column-is-layout-flow\" style=\"flex-basis:66.66%\">\n<figure class=\"wp-block-image size-full is-resized\"><img loading=\"lazy\" decoding=\"async\" width=\"480\" height=\"640\" src=\"https:\/\/festival.hfd.digital\/de\/wp-content\/uploads\/sites\/3\/2024\/05\/PHOTO-2024-06-06-20-51-10.jpeg\" alt=\"\" class=\"wp-image-9433\" style=\"width:421px;height:auto\" srcset=\"https:\/\/festival.hfd.digital\/de\/wp-content\/uploads\/sites\/3\/2024\/05\/PHOTO-2024-06-06-20-51-10.jpeg 480w, https:\/\/festival.hfd.digital\/de\/wp-content\/uploads\/sites\/3\/2024\/05\/PHOTO-2024-06-06-20-51-10-250x333.jpeg 250w, https:\/\/festival.hfd.digital\/de\/wp-content\/uploads\/sites\/3\/2024\/05\/PHOTO-2024-06-06-20-51-10-120x160.jpeg 120w\" sizes=\"auto, (max-width: 480px) 100vw, 480px\" \/><\/figure>\n<\/div>\n\n\n\n<div class=\"wp-block-column is-layout-flow wp-block-column-is-layout-flow\" style=\"flex-basis:33.33%\">\n<p class=\"has-medium-font-size\">Noch nicht ganz fertig, der Teppich br\u00e4uchte f\u00fcrs Finale einen dritten Tag in Pr\u00e4senz.<\/p>\n<\/div>\n<\/div>\n\n\n\n<p class=\"has-medium-font-size\">Studierende der HTW Dresden werden ihn fertig tuften. Das Endergebnis gibt es hier im Verlaufe des Junis zu sehen. <\/p>\n<\/div><\/div>\n\n\n\n<p><\/p>\n","protected":false},"excerpt":{"rendered":"Partizipative Installation, Handarbeit, Designlehre, Soundcollagen Wie sieht die Zukunft der Designlehre aus? Wie lehren wir in Zukunft Design? Interaktive Wandteppiche gehen diesen Fragen in Form von typografischen Botschaften und Soundcollagen nach. Die Inhalte daf\u00fcr generieren sich aus dem Material, welches die iF Design Foundation im Rahmen ihres mehrj\u00e4hrigen Open Campus Projektes \u201cDesigning Design Education \u2013&#8230; <a class=\"view-article\" href=\"https:\/\/festival.hfd.digital\/de\/rugs-and-tales\/\">View Article<\/a>","protected":false},"author":48,"featured_media":9278,"comment_status":"closed","ping_status":"closed","sticky":false,"template":"","format":"standard","meta":{"_acf_changed":false,"inline_featured_image":false,"footnotes":""},"categories":[24],"tags":[],"class_list":["post-8874","post","type-post","status-publish","format-standard","has-post-thumbnail","hentry","category-creativespace-2024"],"acf":[],"yoast_head":"<!-- This site is optimized with the Yoast SEO plugin v27.3 - https:\/\/yoast.com\/product\/yoast-seo-wordpress\/ -->\n<title>rugs + tales | Creative:Space University:Future Festival 2024<\/title>\n<meta name=\"description\" content=\"Entdecken Sie die Installation &quot;rugs + tales \u2013 wall hanging tales of tomorrow&quot;: Interaktive Wandteppiche \u00fcber Zuk\u00fcnfte der Designlehre.\" \/>\n<meta name=\"robots\" content=\"noindex, follow\" \/>\n<meta property=\"og:locale\" content=\"de_DE\" \/>\n<meta property=\"og:type\" content=\"article\" \/>\n<meta property=\"og:title\" content=\"rugs + tales | Creative:Space University:Future Festival 2024\" \/>\n<meta property=\"og:description\" content=\"Entdecken Sie die Installation &quot;rugs + tales \u2013 wall hanging tales of tomorrow&quot;: Interaktive Wandteppiche \u00fcber Zuk\u00fcnfte der Designlehre.\" \/>\n<meta property=\"og:url\" content=\"https:\/\/festival.hfd.digital\/de\/rugs-and-tales\/\" \/>\n<meta property=\"og:site_name\" content=\"University:Future Festival 2026\" \/>\n<meta property=\"article:published_time\" content=\"2024-05-30T12:40:59+00:00\" \/>\n<meta property=\"article:modified_time\" content=\"2025-07-29T09:11:41+00:00\" \/>\n<meta property=\"og:image\" content=\"https:\/\/festival.hfd.digital\/de\/wp-content\/uploads\/sites\/3\/2024\/05\/Tale_Teppich_01.jpeg\" \/>\n\t<meta property=\"og:image:width\" content=\"640\" \/>\n\t<meta property=\"og:image:height\" content=\"425\" \/>\n\t<meta property=\"og:image:type\" content=\"image\/jpeg\" \/>\n<meta name=\"author\" content=\"uffteam\" \/>\n<meta name=\"twitter:card\" content=\"summary_large_image\" \/>\n<meta name=\"twitter:label1\" content=\"Verfasst von\" \/>\n\t<meta name=\"twitter:data1\" content=\"uffteam\" \/>\n\t<meta name=\"twitter:label2\" content=\"Gesch\u00e4tzte Lesezeit\" \/>\n\t<meta name=\"twitter:data2\" content=\"3\u00a0Minuten\" \/>\n<script type=\"application\/ld+json\" class=\"yoast-schema-graph\">{\"@context\":\"https:\\\/\\\/schema.org\",\"@graph\":[{\"@type\":\"Article\",\"@id\":\"https:\\\/\\\/festival.hfd.digital\\\/de\\\/rugs-and-tales\\\/#article\",\"isPartOf\":{\"@id\":\"https:\\\/\\\/festival.hfd.digital\\\/de\\\/rugs-and-tales\\\/\"},\"author\":{\"name\":\"uffteam\",\"@id\":\"https:\\\/\\\/festival.hfd.digital\\\/de\\\/#\\\/schema\\\/person\\\/fce5912bd408154459e862f46bce52f0\"},\"headline\":\"rugs + tales \u2013 wall hanging tales of tomorrow\",\"datePublished\":\"2024-05-30T12:40:59+00:00\",\"dateModified\":\"2025-07-29T09:11:41+00:00\",\"mainEntityOfPage\":{\"@id\":\"https:\\\/\\\/festival.hfd.digital\\\/de\\\/rugs-and-tales\\\/\"},\"wordCount\":237,\"image\":{\"@id\":\"https:\\\/\\\/festival.hfd.digital\\\/de\\\/rugs-and-tales\\\/#primaryimage\"},\"thumbnailUrl\":\"https:\\\/\\\/festival.hfd.digital\\\/de\\\/wp-content\\\/uploads\\\/sites\\\/3\\\/2024\\\/05\\\/Tale_Teppich_01.jpeg\",\"articleSection\":[\"Creative:Space 2024\"],\"inLanguage\":\"de\"},{\"@type\":\"WebPage\",\"@id\":\"https:\\\/\\\/festival.hfd.digital\\\/de\\\/rugs-and-tales\\\/\",\"url\":\"https:\\\/\\\/festival.hfd.digital\\\/de\\\/rugs-and-tales\\\/\",\"name\":\"rugs + tales | Creative:Space University:Future Festival 2024\",\"isPartOf\":{\"@id\":\"https:\\\/\\\/festival.hfd.digital\\\/de\\\/#website\"},\"primaryImageOfPage\":{\"@id\":\"https:\\\/\\\/festival.hfd.digital\\\/de\\\/rugs-and-tales\\\/#primaryimage\"},\"image\":{\"@id\":\"https:\\\/\\\/festival.hfd.digital\\\/de\\\/rugs-and-tales\\\/#primaryimage\"},\"thumbnailUrl\":\"https:\\\/\\\/festival.hfd.digital\\\/de\\\/wp-content\\\/uploads\\\/sites\\\/3\\\/2024\\\/05\\\/Tale_Teppich_01.jpeg\",\"datePublished\":\"2024-05-30T12:40:59+00:00\",\"dateModified\":\"2025-07-29T09:11:41+00:00\",\"author\":{\"@id\":\"https:\\\/\\\/festival.hfd.digital\\\/de\\\/#\\\/schema\\\/person\\\/fce5912bd408154459e862f46bce52f0\"},\"description\":\"Entdecken Sie die Installation \\\"rugs + tales \u2013 wall hanging tales of tomorrow\\\": Interaktive Wandteppiche \u00fcber Zuk\u00fcnfte der Designlehre.\",\"inLanguage\":\"de\",\"potentialAction\":[{\"@type\":\"ReadAction\",\"target\":[\"https:\\\/\\\/festival.hfd.digital\\\/de\\\/rugs-and-tales\\\/\"]}]},{\"@type\":\"ImageObject\",\"inLanguage\":\"de\",\"@id\":\"https:\\\/\\\/festival.hfd.digital\\\/de\\\/rugs-and-tales\\\/#primaryimage\",\"url\":\"https:\\\/\\\/festival.hfd.digital\\\/de\\\/wp-content\\\/uploads\\\/sites\\\/3\\\/2024\\\/05\\\/Tale_Teppich_01.jpeg\",\"contentUrl\":\"https:\\\/\\\/festival.hfd.digital\\\/de\\\/wp-content\\\/uploads\\\/sites\\\/3\\\/2024\\\/05\\\/Tale_Teppich_01.jpeg\",\"width\":640,\"height\":425,\"caption\":\"Wandteppich aus dem Projekt rugs + tales\"},{\"@type\":\"WebSite\",\"@id\":\"https:\\\/\\\/festival.hfd.digital\\\/de\\\/#website\",\"url\":\"https:\\\/\\\/festival.hfd.digital\\\/de\\\/\",\"name\":\"University:Future Festival 2026\",\"description\":\"Das j\u00e4hrliche Festival zur Zukunft der Hochschulbildung.\",\"potentialAction\":[{\"@type\":\"SearchAction\",\"target\":{\"@type\":\"EntryPoint\",\"urlTemplate\":\"https:\\\/\\\/festival.hfd.digital\\\/de\\\/?s={search_term_string}\"},\"query-input\":{\"@type\":\"PropertyValueSpecification\",\"valueRequired\":true,\"valueName\":\"search_term_string\"}}],\"inLanguage\":\"de\"},{\"@type\":\"Person\",\"@id\":\"https:\\\/\\\/festival.hfd.digital\\\/de\\\/#\\\/schema\\\/person\\\/fce5912bd408154459e862f46bce52f0\",\"name\":\"uffteam\",\"url\":\"https:\\\/\\\/festival.hfd.digital\\\/de\\\/author\\\/uffteam\\\/\"}]}<\/script>\n<!-- \/ Yoast SEO plugin. -->","yoast_head_json":{"title":"rugs + tales | Creative:Space University:Future Festival 2024","description":"Entdecken Sie die Installation \"rugs + tales \u2013 wall hanging tales of tomorrow\": Interaktive Wandteppiche \u00fcber Zuk\u00fcnfte der Designlehre.","robots":{"index":"noindex","follow":"follow"},"og_locale":"de_DE","og_type":"article","og_title":"rugs + tales | Creative:Space University:Future Festival 2024","og_description":"Entdecken Sie die Installation \"rugs + tales \u2013 wall hanging tales of tomorrow\": Interaktive Wandteppiche \u00fcber Zuk\u00fcnfte der Designlehre.","og_url":"https:\/\/festival.hfd.digital\/de\/rugs-and-tales\/","og_site_name":"University:Future Festival 2026","article_published_time":"2024-05-30T12:40:59+00:00","article_modified_time":"2025-07-29T09:11:41+00:00","og_image":[{"width":640,"height":425,"url":"https:\/\/festival.hfd.digital\/de\/wp-content\/uploads\/sites\/3\/2024\/05\/Tale_Teppich_01.jpeg","type":"image\/jpeg"}],"author":"uffteam","twitter_card":"summary_large_image","twitter_misc":{"Verfasst von":"uffteam","Gesch\u00e4tzte Lesezeit":"3\u00a0Minuten"},"schema":{"@context":"https:\/\/schema.org","@graph":[{"@type":"Article","@id":"https:\/\/festival.hfd.digital\/de\/rugs-and-tales\/#article","isPartOf":{"@id":"https:\/\/festival.hfd.digital\/de\/rugs-and-tales\/"},"author":{"name":"uffteam","@id":"https:\/\/festival.hfd.digital\/de\/#\/schema\/person\/fce5912bd408154459e862f46bce52f0"},"headline":"rugs + tales \u2013 wall hanging tales of tomorrow","datePublished":"2024-05-30T12:40:59+00:00","dateModified":"2025-07-29T09:11:41+00:00","mainEntityOfPage":{"@id":"https:\/\/festival.hfd.digital\/de\/rugs-and-tales\/"},"wordCount":237,"image":{"@id":"https:\/\/festival.hfd.digital\/de\/rugs-and-tales\/#primaryimage"},"thumbnailUrl":"https:\/\/festival.hfd.digital\/de\/wp-content\/uploads\/sites\/3\/2024\/05\/Tale_Teppich_01.jpeg","articleSection":["Creative:Space 2024"],"inLanguage":"de"},{"@type":"WebPage","@id":"https:\/\/festival.hfd.digital\/de\/rugs-and-tales\/","url":"https:\/\/festival.hfd.digital\/de\/rugs-and-tales\/","name":"rugs + tales | Creative:Space University:Future Festival 2024","isPartOf":{"@id":"https:\/\/festival.hfd.digital\/de\/#website"},"primaryImageOfPage":{"@id":"https:\/\/festival.hfd.digital\/de\/rugs-and-tales\/#primaryimage"},"image":{"@id":"https:\/\/festival.hfd.digital\/de\/rugs-and-tales\/#primaryimage"},"thumbnailUrl":"https:\/\/festival.hfd.digital\/de\/wp-content\/uploads\/sites\/3\/2024\/05\/Tale_Teppich_01.jpeg","datePublished":"2024-05-30T12:40:59+00:00","dateModified":"2025-07-29T09:11:41+00:00","author":{"@id":"https:\/\/festival.hfd.digital\/de\/#\/schema\/person\/fce5912bd408154459e862f46bce52f0"},"description":"Entdecken Sie die Installation \"rugs + tales \u2013 wall hanging tales of tomorrow\": Interaktive Wandteppiche \u00fcber Zuk\u00fcnfte der Designlehre.","inLanguage":"de","potentialAction":[{"@type":"ReadAction","target":["https:\/\/festival.hfd.digital\/de\/rugs-and-tales\/"]}]},{"@type":"ImageObject","inLanguage":"de","@id":"https:\/\/festival.hfd.digital\/de\/rugs-and-tales\/#primaryimage","url":"https:\/\/festival.hfd.digital\/de\/wp-content\/uploads\/sites\/3\/2024\/05\/Tale_Teppich_01.jpeg","contentUrl":"https:\/\/festival.hfd.digital\/de\/wp-content\/uploads\/sites\/3\/2024\/05\/Tale_Teppich_01.jpeg","width":640,"height":425,"caption":"Wandteppich aus dem Projekt rugs + tales"},{"@type":"WebSite","@id":"https:\/\/festival.hfd.digital\/de\/#website","url":"https:\/\/festival.hfd.digital\/de\/","name":"University:Future Festival 2026","description":"Das j\u00e4hrliche Festival zur Zukunft der Hochschulbildung.","potentialAction":[{"@type":"SearchAction","target":{"@type":"EntryPoint","urlTemplate":"https:\/\/festival.hfd.digital\/de\/?s={search_term_string}"},"query-input":{"@type":"PropertyValueSpecification","valueRequired":true,"valueName":"search_term_string"}}],"inLanguage":"de"},{"@type":"Person","@id":"https:\/\/festival.hfd.digital\/de\/#\/schema\/person\/fce5912bd408154459e862f46bce52f0","name":"uffteam","url":"https:\/\/festival.hfd.digital\/de\/author\/uffteam\/"}]}},"_links":{"self":[{"href":"https:\/\/festival.hfd.digital\/de\/wp-json\/wp\/v2\/posts\/8874","targetHints":{"allow":["GET"]}}],"collection":[{"href":"https:\/\/festival.hfd.digital\/de\/wp-json\/wp\/v2\/posts"}],"about":[{"href":"https:\/\/festival.hfd.digital\/de\/wp-json\/wp\/v2\/types\/post"}],"author":[{"embeddable":true,"href":"https:\/\/festival.hfd.digital\/de\/wp-json\/wp\/v2\/users\/48"}],"replies":[{"embeddable":true,"href":"https:\/\/festival.hfd.digital\/de\/wp-json\/wp\/v2\/comments?post=8874"}],"version-history":[{"count":53,"href":"https:\/\/festival.hfd.digital\/de\/wp-json\/wp\/v2\/posts\/8874\/revisions"}],"predecessor-version":[{"id":9439,"href":"https:\/\/festival.hfd.digital\/de\/wp-json\/wp\/v2\/posts\/8874\/revisions\/9439"}],"wp:featuredmedia":[{"embeddable":true,"href":"https:\/\/festival.hfd.digital\/de\/wp-json\/wp\/v2\/media\/9278"}],"wp:attachment":[{"href":"https:\/\/festival.hfd.digital\/de\/wp-json\/wp\/v2\/media?parent=8874"}],"wp:term":[{"taxonomy":"category","embeddable":true,"href":"https:\/\/festival.hfd.digital\/de\/wp-json\/wp\/v2\/categories?post=8874"},{"taxonomy":"post_tag","embeddable":true,"href":"https:\/\/festival.hfd.digital\/de\/wp-json\/wp\/v2\/tags?post=8874"}],"curies":[{"name":"wp","href":"https:\/\/api.w.org\/{rel}","templated":true}]}}