{"id":8759,"date":"2024-06-03T19:41:01","date_gmt":"2024-06-03T19:41:01","guid":{"rendered":"https:\/\/festival.hfd.digital\/de\/?p=8759"},"modified":"2025-07-29T09:11:24","modified_gmt":"2025-07-29T09:11:24","slug":"uff-eine-bildergeschichte","status":"publish","type":"post","link":"https:\/\/festival.hfd.digital\/de\/uff-eine-bildergeschichte\/","title":{"rendered":"U:FF \u2013 Eine Bildergeschichte"},"content":{"rendered":"\n<p><\/p>\n\n\n\n<p class=\"has-medium-font-size\"><em><strong>Interaktive Aktion, digitale Collage, Zukunftsbilder<\/strong><\/em><\/p>\n\n\n\n<p><\/p>\n\n\n\n<p class=\"has-medium-font-size\">Geschichten sind m\u00e4chtig. Wir lernen aus der Vergangenheit f\u00fcr unsere Zukunft. Und diese k\u00f6nnen wir aktiv mitgestalten.&nbsp;<\/p>\n\n\n\n<p><\/p>\n\n\n\n<p class=\"has-medium-font-size\">Denn: Auch Bilder sind m\u00e4chtig. Wir denken bei <strong>\u201cTales of Tomorrow\u201c<\/strong> an fantastische M\u00e4rchen und an unsere reich illustrierten M\u00e4rchenb\u00fccher, die das in Bilder fassten, was die Gebr\u00fcder Grimm und Co. in Worten sammelten. \u00dcber die Universit\u00e4t der Zukunft hat uns Hans Christian Andersen nichts erz\u00e4hlt. Das ist unsere Aufgabe. Und nur, weil wir von fantastischen Dingen tr\u00e4umen, hei\u00dft es nicht, dass sie nicht Realit\u00e4t werden k\u00f6nnen.&nbsp;<\/p>\n\n\n\n<p><\/p>\n\n\n\n<p class=\"has-medium-font-size\">Vielleicht haben Sie auch schon mal davon geh\u00f6rt, dass den Macher:innen der Simpsons hellseherische F\u00e4higkeiten nachgesagt werden? Angeblich sollen sie sogar die Idee zu den Smartphones und Smartwatches geliefert haben. Was in den Folgen von vor 20 Jahren unglaublich schien, ist heute nicht mehr weg zu denken.&nbsp;<\/p>\n\n\n\n<p><\/p>\n\n\n\n<p class=\"has-medium-font-size\">Vielleicht denken Sie heute schon an das, was morgen Realit\u00e4t sein k\u00f6nnte? Gestalten Sie mit uns Ihre Version von der Uni der Zukunft und illustrieren Sie mit uns ein Bild davon. Ob Sie<strong> Pinsel und Farbe nutzen oder eine KI<\/strong>,<strong> <\/strong>ist dabei vollkommen egal.<\/p>\n\n\n\n<p><\/p>\n\n\n\n<p class=\"has-black-color has-text-color has-link-color has-medium-font-size wp-elements-22847f36cc1ede5740430e4f6386f0e7\">Wir, das ist das <strong>Team Digitale Lehre des Bereichs Geistes- und Sozialwissenschaften<\/strong> der TU Dresden. Wir unterst\u00fctzen Lehrende und Lernende des Bereichs in der didaktischen Konzeption und Gestaltung digital gest\u00fctzter Lehrveranstaltungen, der technischen Umsetzung sowie der Vermittlung digitaler F\u00e4higkeiten. Dabei f\u00e4llt uns immer wieder auf, dass das Verst\u00e4ndnis von digitaler Lehre vielf\u00e4ltig ist und deswegen auch die W\u00fcnsche an eine moderne Universit\u00e4t. Deswegen m\u00f6chten wir das U:FF nutzen, um m\u00f6glichst diverse Stimmen und Visionen einzufangen, die wir in unsere t\u00e4gliche Arbeit einbinden k\u00f6nnen.<\/p>\n\n\n\n<p><\/p>\n\n\n\n<p class=\"has-medium-font-size\">Vor und w\u00e4hrend des U:FF werden \u00fcber das <strong>anonyme Formularfeld<\/strong>, das auf unserer Website eingebunden ist, digitale Bildformate gesammelt. Rufen Sie das Formular \u00fcber untenstehenden QR-Code oder den nachstehenden Button auf! Alle Interessierten sind herzlich dazu eingeladen uns in einem digitalen (JPG, PNG), quadratischen Format eine Grafik zu \u00fcbermitteln, die ihre jeweilige Vision der Universit\u00e4t der Zukunft darstellt. Die Bilder sollen im Anschluss als virtuelle Ausstellung gezeigt werden und k\u00f6nnen somit gleichzeitig einen lebendigen R\u00fcckblick auf das U:FF darstellen.&nbsp;<\/p>\n\n\n\n<p><\/p>\n\n\n<div class=\"wp-block-image\">\n<figure class=\"aligncenter size-full is-resized\"><img loading=\"lazy\" decoding=\"async\" width=\"3000\" height=\"3000\" src=\"https:\/\/festival.hfd.digital\/de\/wp-content\/uploads\/sites\/3\/2024\/06\/QR-Code_Teilnahme-UFF.png\" alt=\"\" class=\"wp-image-9360\" style=\"object-fit:cover;width:318px;height:318px\" srcset=\"https:\/\/festival.hfd.digital\/de\/wp-content\/uploads\/sites\/3\/2024\/06\/QR-Code_Teilnahme-UFF.png 3000w, https:\/\/festival.hfd.digital\/de\/wp-content\/uploads\/sites\/3\/2024\/06\/QR-Code_Teilnahme-UFF-250x250.png 250w, https:\/\/festival.hfd.digital\/de\/wp-content\/uploads\/sites\/3\/2024\/06\/QR-Code_Teilnahme-UFF-700x700.png 700w, https:\/\/festival.hfd.digital\/de\/wp-content\/uploads\/sites\/3\/2024\/06\/QR-Code_Teilnahme-UFF-150x150.png 150w, https:\/\/festival.hfd.digital\/de\/wp-content\/uploads\/sites\/3\/2024\/06\/QR-Code_Teilnahme-UFF-768x768.png 768w, https:\/\/festival.hfd.digital\/de\/wp-content\/uploads\/sites\/3\/2024\/06\/QR-Code_Teilnahme-UFF-1536x1536.png 1536w, https:\/\/festival.hfd.digital\/de\/wp-content\/uploads\/sites\/3\/2024\/06\/QR-Code_Teilnahme-UFF-2048x2048.png 2048w, https:\/\/festival.hfd.digital\/de\/wp-content\/uploads\/sites\/3\/2024\/06\/QR-Code_Teilnahme-UFF-120x120.png 120w\" sizes=\"auto, (max-width: 3000px) 100vw, 3000px\" \/><\/figure>\n<\/div>\n\n\n<p><\/p>\n\n\n\n<div class=\"wp-block-buttons is-content-justification-center is-layout-flex wp-container-core-buttons-is-layout-16018d1d wp-block-buttons-is-layout-flex\">\n<div class=\"wp-block-button has-custom-font-size is-style-fill has-medium-font-size\"><a class=\"wp-block-button__link has-background wp-element-button\" href=\"https:\/\/tu-dresden.de\/gsw\/der-bereich\/team-digitale-lehre\/u-ff-university-future-festival\" style=\"background:linear-gradient(135deg,rgb(73,224,255) 0%,rgb(255,134,253) 100%)\" target=\"_blank\" rel=\"noreferrer noopener\">Hier einreichen!<\/a><\/div>\n<\/div>\n\n\n\n<p><\/p>\n\n\n\n<p class=\"has-medium-font-size\">Wir freuen uns auf Ihre Teilnahme und die fantastischen Ergebnisse!<\/p>\n\n\n\n<p><\/p>\n","protected":false},"excerpt":{"rendered":"Interaktive Aktion, digitale Collage, Zukunftsbilder Geschichten sind m\u00e4chtig. Wir lernen aus der Vergangenheit f\u00fcr unsere Zukunft. Und diese k\u00f6nnen wir aktiv mitgestalten.&nbsp; Denn: Auch Bilder sind m\u00e4chtig. Wir denken bei \u201cTales of Tomorrow\u201c an fantastische M\u00e4rchen und an unsere reich illustrierten M\u00e4rchenb\u00fccher, die das in Bilder fassten, was die Gebr\u00fcder Grimm und Co. in Worten&#8230; <a class=\"view-article\" href=\"https:\/\/festival.hfd.digital\/de\/uff-eine-bildergeschichte\/\">View Article<\/a>","protected":false},"author":48,"featured_media":8760,"comment_status":"closed","ping_status":"closed","sticky":false,"template":"","format":"standard","meta":{"_acf_changed":false,"inline_featured_image":false,"footnotes":""},"categories":[24],"tags":[],"class_list":["post-8759","post","type-post","status-publish","format-standard","has-post-thumbnail","hentry","category-creativespace-2024"],"acf":[],"yoast_head":"<!-- This site is optimized with the Yoast SEO plugin v27.3 - https:\/\/yoast.com\/product\/yoast-seo-wordpress\/ -->\n<title>U:FF \u2013 Eine Bildergeschichte | Creative:Space University:Future Festival 2024<\/title>\n<meta name=\"description\" content=\"Beteiligen Sie sich im Creative:Space beim U:FF 2024 an einer digitalen Bildersammlung zum Thema Zukunft. Beitrag vom Team Digitale Lehre GSW der TU Dresden.\" \/>\n<meta name=\"robots\" content=\"index, follow, max-snippet:-1, max-image-preview:large, max-video-preview:-1\" \/>\n<link rel=\"canonical\" href=\"https:\/\/festival.hfd.digital\/de\/uff-eine-bildergeschichte\/\" \/>\n<meta property=\"og:locale\" content=\"de_DE\" \/>\n<meta property=\"og:type\" content=\"article\" \/>\n<meta property=\"og:title\" content=\"U:FF \u2013 Eine Bildergeschichte | Creative:Space University:Future Festival 2024\" \/>\n<meta property=\"og:description\" content=\"Beteiligen Sie sich im Creative:Space beim U:FF 2024 an einer digitalen Bildersammlung zum Thema Zukunft. Beitrag vom Team Digitale Lehre GSW TU Dresden.\" \/>\n<meta property=\"og:url\" content=\"https:\/\/festival.hfd.digital\/de\/uff-eine-bildergeschichte\/\" \/>\n<meta property=\"og:site_name\" content=\"University:Future Festival 2026\" \/>\n<meta property=\"article:published_time\" content=\"2024-06-03T19:41:01+00:00\" \/>\n<meta property=\"article:modified_time\" content=\"2025-07-29T09:11:24+00:00\" \/>\n<meta property=\"og:image\" content=\"https:\/\/festival.hfd.digital\/de\/wp-content\/uploads\/sites\/3\/2024\/05\/Vorschaubild.jpg\" \/>\n\t<meta property=\"og:image:width\" content=\"1134\" \/>\n\t<meta property=\"og:image:height\" content=\"756\" \/>\n\t<meta property=\"og:image:type\" content=\"image\/jpeg\" \/>\n<meta name=\"author\" content=\"uffteam\" \/>\n<meta name=\"twitter:card\" content=\"summary_large_image\" \/>\n<meta name=\"twitter:label1\" content=\"Verfasst von\" \/>\n\t<meta name=\"twitter:data1\" content=\"uffteam\" \/>\n\t<meta name=\"twitter:label2\" content=\"Gesch\u00e4tzte Lesezeit\" \/>\n\t<meta name=\"twitter:data2\" content=\"3\u00a0Minuten\" \/>\n<script type=\"application\/ld+json\" class=\"yoast-schema-graph\">{\"@context\":\"https:\\\/\\\/schema.org\",\"@graph\":[{\"@type\":\"Article\",\"@id\":\"https:\\\/\\\/festival.hfd.digital\\\/de\\\/uff-eine-bildergeschichte\\\/#article\",\"isPartOf\":{\"@id\":\"https:\\\/\\\/festival.hfd.digital\\\/de\\\/uff-eine-bildergeschichte\\\/\"},\"author\":{\"name\":\"uffteam\",\"@id\":\"https:\\\/\\\/festival.hfd.digital\\\/de\\\/#\\\/schema\\\/person\\\/fce5912bd408154459e862f46bce52f0\"},\"headline\":\"U:FF \u2013 Eine Bildergeschichte\",\"datePublished\":\"2024-06-03T19:41:01+00:00\",\"dateModified\":\"2025-07-29T09:11:24+00:00\",\"mainEntityOfPage\":{\"@id\":\"https:\\\/\\\/festival.hfd.digital\\\/de\\\/uff-eine-bildergeschichte\\\/\"},\"wordCount\":399,\"image\":{\"@id\":\"https:\\\/\\\/festival.hfd.digital\\\/de\\\/uff-eine-bildergeschichte\\\/#primaryimage\"},\"thumbnailUrl\":\"https:\\\/\\\/festival.hfd.digital\\\/de\\\/wp-content\\\/uploads\\\/sites\\\/3\\\/2024\\\/05\\\/Vorschaubild.jpg\",\"articleSection\":[\"Creative:Space 2024\"],\"inLanguage\":\"de\"},{\"@type\":\"WebPage\",\"@id\":\"https:\\\/\\\/festival.hfd.digital\\\/de\\\/uff-eine-bildergeschichte\\\/\",\"url\":\"https:\\\/\\\/festival.hfd.digital\\\/de\\\/uff-eine-bildergeschichte\\\/\",\"name\":\"U:FF \u2013 Eine Bildergeschichte | Creative:Space University:Future Festival 2024\",\"isPartOf\":{\"@id\":\"https:\\\/\\\/festival.hfd.digital\\\/de\\\/#website\"},\"primaryImageOfPage\":{\"@id\":\"https:\\\/\\\/festival.hfd.digital\\\/de\\\/uff-eine-bildergeschichte\\\/#primaryimage\"},\"image\":{\"@id\":\"https:\\\/\\\/festival.hfd.digital\\\/de\\\/uff-eine-bildergeschichte\\\/#primaryimage\"},\"thumbnailUrl\":\"https:\\\/\\\/festival.hfd.digital\\\/de\\\/wp-content\\\/uploads\\\/sites\\\/3\\\/2024\\\/05\\\/Vorschaubild.jpg\",\"datePublished\":\"2024-06-03T19:41:01+00:00\",\"dateModified\":\"2025-07-29T09:11:24+00:00\",\"author\":{\"@id\":\"https:\\\/\\\/festival.hfd.digital\\\/de\\\/#\\\/schema\\\/person\\\/fce5912bd408154459e862f46bce52f0\"},\"description\":\"Beteiligen Sie sich im Creative:Space beim U:FF 2024 an einer digitalen Bildersammlung zum Thema Zukunft. Beitrag vom Team Digitale Lehre GSW der TU Dresden.\",\"inLanguage\":\"de\",\"potentialAction\":[{\"@type\":\"ReadAction\",\"target\":[\"https:\\\/\\\/festival.hfd.digital\\\/de\\\/uff-eine-bildergeschichte\\\/\"]}]},{\"@type\":\"ImageObject\",\"inLanguage\":\"de\",\"@id\":\"https:\\\/\\\/festival.hfd.digital\\\/de\\\/uff-eine-bildergeschichte\\\/#primaryimage\",\"url\":\"https:\\\/\\\/festival.hfd.digital\\\/de\\\/wp-content\\\/uploads\\\/sites\\\/3\\\/2024\\\/05\\\/Vorschaubild.jpg\",\"contentUrl\":\"https:\\\/\\\/festival.hfd.digital\\\/de\\\/wp-content\\\/uploads\\\/sites\\\/3\\\/2024\\\/05\\\/Vorschaubild.jpg\",\"width\":1134,\"height\":756},{\"@type\":\"WebSite\",\"@id\":\"https:\\\/\\\/festival.hfd.digital\\\/de\\\/#website\",\"url\":\"https:\\\/\\\/festival.hfd.digital\\\/de\\\/\",\"name\":\"University:Future Festival 2026\",\"description\":\"Das j\u00e4hrliche Festival zur Zukunft der Hochschulbildung.\",\"potentialAction\":[{\"@type\":\"SearchAction\",\"target\":{\"@type\":\"EntryPoint\",\"urlTemplate\":\"https:\\\/\\\/festival.hfd.digital\\\/de\\\/?s={search_term_string}\"},\"query-input\":{\"@type\":\"PropertyValueSpecification\",\"valueRequired\":true,\"valueName\":\"search_term_string\"}}],\"inLanguage\":\"de\"},{\"@type\":\"Person\",\"@id\":\"https:\\\/\\\/festival.hfd.digital\\\/de\\\/#\\\/schema\\\/person\\\/fce5912bd408154459e862f46bce52f0\",\"name\":\"uffteam\",\"url\":\"https:\\\/\\\/festival.hfd.digital\\\/de\\\/author\\\/uffteam\\\/\"}]}<\/script>\n<!-- \/ Yoast SEO plugin. -->","yoast_head_json":{"title":"U:FF \u2013 Eine Bildergeschichte | Creative:Space University:Future Festival 2024","description":"Beteiligen Sie sich im Creative:Space beim U:FF 2024 an einer digitalen Bildersammlung zum Thema Zukunft. Beitrag vom Team Digitale Lehre GSW der TU Dresden.","robots":{"index":"index","follow":"follow","max-snippet":"max-snippet:-1","max-image-preview":"max-image-preview:large","max-video-preview":"max-video-preview:-1"},"canonical":"https:\/\/festival.hfd.digital\/de\/uff-eine-bildergeschichte\/","og_locale":"de_DE","og_type":"article","og_title":"U:FF \u2013 Eine Bildergeschichte | Creative:Space University:Future Festival 2024","og_description":"Beteiligen Sie sich im Creative:Space beim U:FF 2024 an einer digitalen Bildersammlung zum Thema Zukunft. Beitrag vom Team Digitale Lehre GSW TU Dresden.","og_url":"https:\/\/festival.hfd.digital\/de\/uff-eine-bildergeschichte\/","og_site_name":"University:Future Festival 2026","article_published_time":"2024-06-03T19:41:01+00:00","article_modified_time":"2025-07-29T09:11:24+00:00","og_image":[{"width":1134,"height":756,"url":"https:\/\/festival.hfd.digital\/de\/wp-content\/uploads\/sites\/3\/2024\/05\/Vorschaubild.jpg","type":"image\/jpeg"}],"author":"uffteam","twitter_card":"summary_large_image","twitter_misc":{"Verfasst von":"uffteam","Gesch\u00e4tzte Lesezeit":"3\u00a0Minuten"},"schema":{"@context":"https:\/\/schema.org","@graph":[{"@type":"Article","@id":"https:\/\/festival.hfd.digital\/de\/uff-eine-bildergeschichte\/#article","isPartOf":{"@id":"https:\/\/festival.hfd.digital\/de\/uff-eine-bildergeschichte\/"},"author":{"name":"uffteam","@id":"https:\/\/festival.hfd.digital\/de\/#\/schema\/person\/fce5912bd408154459e862f46bce52f0"},"headline":"U:FF \u2013 Eine Bildergeschichte","datePublished":"2024-06-03T19:41:01+00:00","dateModified":"2025-07-29T09:11:24+00:00","mainEntityOfPage":{"@id":"https:\/\/festival.hfd.digital\/de\/uff-eine-bildergeschichte\/"},"wordCount":399,"image":{"@id":"https:\/\/festival.hfd.digital\/de\/uff-eine-bildergeschichte\/#primaryimage"},"thumbnailUrl":"https:\/\/festival.hfd.digital\/de\/wp-content\/uploads\/sites\/3\/2024\/05\/Vorschaubild.jpg","articleSection":["Creative:Space 2024"],"inLanguage":"de"},{"@type":"WebPage","@id":"https:\/\/festival.hfd.digital\/de\/uff-eine-bildergeschichte\/","url":"https:\/\/festival.hfd.digital\/de\/uff-eine-bildergeschichte\/","name":"U:FF \u2013 Eine Bildergeschichte | Creative:Space University:Future Festival 2024","isPartOf":{"@id":"https:\/\/festival.hfd.digital\/de\/#website"},"primaryImageOfPage":{"@id":"https:\/\/festival.hfd.digital\/de\/uff-eine-bildergeschichte\/#primaryimage"},"image":{"@id":"https:\/\/festival.hfd.digital\/de\/uff-eine-bildergeschichte\/#primaryimage"},"thumbnailUrl":"https:\/\/festival.hfd.digital\/de\/wp-content\/uploads\/sites\/3\/2024\/05\/Vorschaubild.jpg","datePublished":"2024-06-03T19:41:01+00:00","dateModified":"2025-07-29T09:11:24+00:00","author":{"@id":"https:\/\/festival.hfd.digital\/de\/#\/schema\/person\/fce5912bd408154459e862f46bce52f0"},"description":"Beteiligen Sie sich im Creative:Space beim U:FF 2024 an einer digitalen Bildersammlung zum Thema Zukunft. Beitrag vom Team Digitale Lehre GSW der TU Dresden.","inLanguage":"de","potentialAction":[{"@type":"ReadAction","target":["https:\/\/festival.hfd.digital\/de\/uff-eine-bildergeschichte\/"]}]},{"@type":"ImageObject","inLanguage":"de","@id":"https:\/\/festival.hfd.digital\/de\/uff-eine-bildergeschichte\/#primaryimage","url":"https:\/\/festival.hfd.digital\/de\/wp-content\/uploads\/sites\/3\/2024\/05\/Vorschaubild.jpg","contentUrl":"https:\/\/festival.hfd.digital\/de\/wp-content\/uploads\/sites\/3\/2024\/05\/Vorschaubild.jpg","width":1134,"height":756},{"@type":"WebSite","@id":"https:\/\/festival.hfd.digital\/de\/#website","url":"https:\/\/festival.hfd.digital\/de\/","name":"University:Future Festival 2026","description":"Das j\u00e4hrliche Festival zur Zukunft der Hochschulbildung.","potentialAction":[{"@type":"SearchAction","target":{"@type":"EntryPoint","urlTemplate":"https:\/\/festival.hfd.digital\/de\/?s={search_term_string}"},"query-input":{"@type":"PropertyValueSpecification","valueRequired":true,"valueName":"search_term_string"}}],"inLanguage":"de"},{"@type":"Person","@id":"https:\/\/festival.hfd.digital\/de\/#\/schema\/person\/fce5912bd408154459e862f46bce52f0","name":"uffteam","url":"https:\/\/festival.hfd.digital\/de\/author\/uffteam\/"}]}},"_links":{"self":[{"href":"https:\/\/festival.hfd.digital\/de\/wp-json\/wp\/v2\/posts\/8759","targetHints":{"allow":["GET"]}}],"collection":[{"href":"https:\/\/festival.hfd.digital\/de\/wp-json\/wp\/v2\/posts"}],"about":[{"href":"https:\/\/festival.hfd.digital\/de\/wp-json\/wp\/v2\/types\/post"}],"author":[{"embeddable":true,"href":"https:\/\/festival.hfd.digital\/de\/wp-json\/wp\/v2\/users\/48"}],"replies":[{"embeddable":true,"href":"https:\/\/festival.hfd.digital\/de\/wp-json\/wp\/v2\/comments?post=8759"}],"version-history":[{"count":53,"href":"https:\/\/festival.hfd.digital\/de\/wp-json\/wp\/v2\/posts\/8759\/revisions"}],"predecessor-version":[{"id":9365,"href":"https:\/\/festival.hfd.digital\/de\/wp-json\/wp\/v2\/posts\/8759\/revisions\/9365"}],"wp:featuredmedia":[{"embeddable":true,"href":"https:\/\/festival.hfd.digital\/de\/wp-json\/wp\/v2\/media\/8760"}],"wp:attachment":[{"href":"https:\/\/festival.hfd.digital\/de\/wp-json\/wp\/v2\/media?parent=8759"}],"wp:term":[{"taxonomy":"category","embeddable":true,"href":"https:\/\/festival.hfd.digital\/de\/wp-json\/wp\/v2\/categories?post=8759"},{"taxonomy":"post_tag","embeddable":true,"href":"https:\/\/festival.hfd.digital\/de\/wp-json\/wp\/v2\/tags?post=8759"}],"curies":[{"name":"wp","href":"https:\/\/api.w.org\/{rel}","templated":true}]}}