{"id":8698,"date":"2024-05-30T12:41:10","date_gmt":"2024-05-30T12:41:10","guid":{"rendered":"https:\/\/festival.hfd.digital\/de\/?p=8698"},"modified":"2025-07-29T09:11:30","modified_gmt":"2025-07-29T09:11:30","slug":"schubs-die-welt-an","status":"publish","type":"post","link":"https:\/\/festival.hfd.digital\/de\/schubs-die-welt-an\/","title":{"rendered":"Schubs die Welt an"},"content":{"rendered":"\n<p class=\"has-medium-font-size\"><em><strong>Interaktive Website, Bleistiftzeichnungen, digital animiert<\/strong><\/em><\/p>\n\n\n\n<p><\/p>\n\n\n\n<p class=\"has-medium-font-size\">Liebe Besucher:innen:<\/p>\n\n\n\n<p><\/p>\n\n\n\n<p class=\"has-medium-font-size\">Bitte die <strong>Lautsprecher<\/strong> anmachen und (momentan) am besten mit dem Browser <strong>Microsoft Edge <\/strong>\u00f6ffnen. Die Seite funktioniert mit manchen Browsern besser\/ fl\u00fcssiger als mit anderen; evtl. auch nach dem \u00d6ffnen ein paar Sekunden warten, bis die Seite sich vollst\u00e4ndig aufgebaut hat.<\/p>\n\n\n\n<p><\/p>\n\n\n\n<p class=\"has-medium-font-size\">Tipp: Browser im <strong>Vollbildmodus <\/strong>\u00f6ffnen. Das geht mit \u201cF11\u201c der Tastatur oder \u00fcber die Browsereinstellungen.<\/p>\n\n\n\n<p><\/p>\n\n\n\n<p class=\"has-medium-font-size\">Viel Spa\u00df!<\/p>\n\n\n\n<p><\/p>\n\n\n\n<div class=\"wp-block-buttons is-layout-flex wp-block-buttons-is-layout-flex\">\n<div class=\"wp-block-button has-custom-width wp-block-button__width-25 has-custom-font-size is-style-fill has-medium-font-size\"><a class=\"wp-block-button__link has-black-color has-text-color has-background has-link-color wp-element-button\" href=\"http:\/\/martha.damus.biz\/portfolio\/schubsdieweltan\/\" style=\"background:linear-gradient(135deg,rgb(73,224,255) 1%,rgb(255,134,253) 100%)\" target=\"_blank\" rel=\"noreferrer noopener\">Hier gehts los!<\/a><\/div>\n<\/div>\n\n\n\n<p><\/p>\n\n\n\n<h3 class=\"wp-block-heading\">\u00dcber die Arbeit<\/h3>\n\n\n\n<p><\/p>\n\n\n\n<p class=\"has-medium-font-size\">Es wird eine <strong>gezeichnete grafische Welt <\/strong>gezeigt. Man blickt dabei in den Monitor wie aus einem Fenster \u2013und guckt geradewegs ins Weltall. Ein bewegtes Bild aus gezeichneten Leuchtt\u00fcrmen, Sternen, Papierfliegern und K\u00e4seschiffchen zeigt sich friedlich und selbstbestimmt.<\/p>\n\n\n\n<p class=\"has-medium-font-size\"><\/p>\n\n\n\n<p class=\"has-medium-font-size\">Die meisten Dinge in dieser Welt kann man anklicken. Durch Antippen wird diese kleine Aussicht pl\u00f6tzlich <strong>interaktiv<\/strong> und ver\u00e4ndert auch ihren <strong>Klang<\/strong>. Ein Leuchtturm w\u00e4chst, ein Papierflieger dreht fortan seine Runden um den Planeten und ein K\u00e4seschiffchen f\u00e4hrt ger\u00e4uschvoll gegen den Rand der K\u00e4seglocke. Bewegungen \u00e4ndern abrupt ihre Richtung, manches verschwindet, anderes wird erst sichtbar.<\/p>\n\n\n\n<p class=\"has-medium-font-size\"><\/p>\n\n\n\n<p class=\"has-medium-font-size\">Das ist ein bisschen, als ob man ein <strong>Mobile<\/strong> anschubst und vorher nicht genau wei\u00df, wo es gleich wackeln wird. Die (grafische und auditive) Welt reagiert auf die \u00e4u\u00dferen (Klick- )Einfl\u00fcsse und ver\u00e4ndert sich dadurch \u2013 im Rahmen ihrer M\u00f6glichkeiten und mit jedem Klick \u2013 ein bisschen anders.<\/p>\n\n\n\n<p><\/p>\n\n\n\n<div class=\"wp-block-columns has-background is-layout-flex wp-container-core-columns-is-layout-9d6595d7 wp-block-columns-is-layout-flex\" style=\"background:linear-gradient(135deg,rgb(73,224,255) 0%,rgb(255,134,253) 100%)\">\n<div class=\"wp-block-column is-layout-flow wp-block-column-is-layout-flow\" style=\"flex-basis:29%\">\n<figure class=\"wp-block-image is-resized\"><a href=\"https:\/\/martha.damus.biz\/ueber-mich\/\" target=\"_blank\" rel=\"noreferrer noopener\"><img loading=\"lazy\" decoding=\"async\" width=\"300\" height=\"328\" src=\"https:\/\/festival.hfd.digital\/de\/wp-content\/uploads\/sites\/3\/2024\/05\/MarthaDamus.png\" alt=\"\" class=\"wp-image-8933\" style=\"width:267px;height:auto\" srcset=\"https:\/\/festival.hfd.digital\/de\/wp-content\/uploads\/sites\/3\/2024\/05\/MarthaDamus.png 300w, https:\/\/festival.hfd.digital\/de\/wp-content\/uploads\/sites\/3\/2024\/05\/MarthaDamus-250x273.png 250w, https:\/\/festival.hfd.digital\/de\/wp-content\/uploads\/sites\/3\/2024\/05\/MarthaDamus-120x131.png 120w\" sizes=\"auto, (max-width: 300px) 100vw, 300px\" \/><\/a><\/figure>\n<\/div>\n\n\n\n<div class=\"wp-block-column is-layout-flow wp-block-column-is-layout-flow\" style=\"flex-basis:71%\">\n<p><\/p>\n\n\n\n<p class=\"has-text-align-center has-medium-font-size\"><strong>\u201c<\/strong>In der Kunst verfolge ich vor allem zwei Arbeitsweisen: <br>Zum einen erz\u00e4hle ich mit Zeichnungen Geschichten \u2013 gelegentlich in nur einer einzigen Zeichnung, eher aber in einer zeichnerischen Animation&#8230; <br>Zum anderen bringe ich \u2013 meist mit anderen K\u00fcnstlern und K\u00fcnstlerinnen zusammen \u2013 Kunst in den \u00f6ffentlichen Raum.<strong>\u201c<\/strong>\u00a0<br><br>&#8211; Martha Damus<\/p>\n<\/div>\n<\/div>\n\n\n\n<p><\/p>\n","protected":false},"excerpt":{"rendered":"Interaktive Website, Bleistiftzeichnungen, digital animiert Liebe Besucher:innen: Bitte die Lautsprecher anmachen und (momentan) am besten mit dem Browser Microsoft Edge \u00f6ffnen. Die Seite funktioniert mit manchen Browsern besser\/ fl\u00fcssiger als mit anderen; evtl. auch nach dem \u00d6ffnen ein paar Sekunden warten, bis die Seite sich vollst\u00e4ndig aufgebaut hat. Tipp: Browser im Vollbildmodus \u00f6ffnen. Das geht&#8230; <a class=\"view-article\" href=\"https:\/\/festival.hfd.digital\/de\/schubs-die-welt-an\/\">View Article<\/a>","protected":false},"author":48,"featured_media":8699,"comment_status":"closed","ping_status":"closed","sticky":false,"template":"","format":"standard","meta":{"_acf_changed":false,"inline_featured_image":false,"footnotes":""},"categories":[24],"tags":[],"class_list":["post-8698","post","type-post","status-publish","format-standard","has-post-thumbnail","hentry","category-creativespace-2024"],"acf":[],"yoast_head":"<!-- This site is optimized with the Yoast SEO plugin v27.3 - https:\/\/yoast.com\/product\/yoast-seo-wordpress\/ -->\n<title>Schubs die Welt an | Creative:Space University:Future Festival 2024<\/title>\n<meta name=\"description\" content=\"Entdecken Sie im Creative:Space beim U:FF 2024 eine interaktive Webseite aus digital animierten Bleistiftzeichnungen. Beitrag von Martha Damus.\" \/>\n<meta name=\"robots\" content=\"noindex, follow\" \/>\n<meta property=\"og:locale\" content=\"de_DE\" \/>\n<meta property=\"og:type\" content=\"article\" \/>\n<meta property=\"og:title\" content=\"Schubs die Welt an | Creative:Space University:Future Festival 2024\" \/>\n<meta property=\"og:description\" content=\"Entdecken Sie im Creative:Space beim U:FF 2024 eine interaktive Webseite aus digital animierten Bleistiftzeichnungen von Martha Damus.\" \/>\n<meta property=\"og:url\" content=\"https:\/\/festival.hfd.digital\/de\/schubs-die-welt-an\/\" \/>\n<meta property=\"og:site_name\" content=\"University:Future Festival 2026\" \/>\n<meta property=\"article:published_time\" content=\"2024-05-30T12:41:10+00:00\" \/>\n<meta property=\"article:modified_time\" content=\"2025-07-29T09:11:30+00:00\" \/>\n<meta property=\"og:image\" content=\"https:\/\/festival.hfd.digital\/de\/wp-content\/uploads\/sites\/3\/2024\/05\/VorschauSchubsDieWeltAn_MarthaDamus_3zu2-scaled.jpg\" \/>\n\t<meta property=\"og:image:width\" content=\"2560\" \/>\n\t<meta property=\"og:image:height\" content=\"1707\" \/>\n\t<meta property=\"og:image:type\" content=\"image\/jpeg\" \/>\n<meta name=\"author\" content=\"uffteam\" \/>\n<meta name=\"twitter:card\" content=\"summary_large_image\" \/>\n<meta name=\"twitter:label1\" content=\"Verfasst von\" \/>\n\t<meta name=\"twitter:data1\" content=\"uffteam\" \/>\n\t<meta name=\"twitter:label2\" content=\"Gesch\u00e4tzte Lesezeit\" \/>\n\t<meta name=\"twitter:data2\" content=\"2\u00a0Minuten\" \/>\n<script type=\"application\/ld+json\" class=\"yoast-schema-graph\">{\"@context\":\"https:\\\/\\\/schema.org\",\"@graph\":[{\"@type\":\"Article\",\"@id\":\"https:\\\/\\\/festival.hfd.digital\\\/de\\\/schubs-die-welt-an\\\/#article\",\"isPartOf\":{\"@id\":\"https:\\\/\\\/festival.hfd.digital\\\/de\\\/schubs-die-welt-an\\\/\"},\"author\":{\"name\":\"uffteam\",\"@id\":\"https:\\\/\\\/festival.hfd.digital\\\/de\\\/#\\\/schema\\\/person\\\/fce5912bd408154459e862f46bce52f0\"},\"headline\":\"Schubs die Welt an\",\"datePublished\":\"2024-05-30T12:41:10+00:00\",\"dateModified\":\"2025-07-29T09:11:30+00:00\",\"mainEntityOfPage\":{\"@id\":\"https:\\\/\\\/festival.hfd.digital\\\/de\\\/schubs-die-welt-an\\\/\"},\"wordCount\":279,\"image\":{\"@id\":\"https:\\\/\\\/festival.hfd.digital\\\/de\\\/schubs-die-welt-an\\\/#primaryimage\"},\"thumbnailUrl\":\"https:\\\/\\\/festival.hfd.digital\\\/de\\\/wp-content\\\/uploads\\\/sites\\\/3\\\/2024\\\/05\\\/VorschauSchubsDieWeltAn_MarthaDamus_3zu2-scaled.jpg\",\"articleSection\":[\"Creative:Space 2024\"],\"inLanguage\":\"de\"},{\"@type\":\"WebPage\",\"@id\":\"https:\\\/\\\/festival.hfd.digital\\\/de\\\/schubs-die-welt-an\\\/\",\"url\":\"https:\\\/\\\/festival.hfd.digital\\\/de\\\/schubs-die-welt-an\\\/\",\"name\":\"Schubs die Welt an | Creative:Space University:Future Festival 2024\",\"isPartOf\":{\"@id\":\"https:\\\/\\\/festival.hfd.digital\\\/de\\\/#website\"},\"primaryImageOfPage\":{\"@id\":\"https:\\\/\\\/festival.hfd.digital\\\/de\\\/schubs-die-welt-an\\\/#primaryimage\"},\"image\":{\"@id\":\"https:\\\/\\\/festival.hfd.digital\\\/de\\\/schubs-die-welt-an\\\/#primaryimage\"},\"thumbnailUrl\":\"https:\\\/\\\/festival.hfd.digital\\\/de\\\/wp-content\\\/uploads\\\/sites\\\/3\\\/2024\\\/05\\\/VorschauSchubsDieWeltAn_MarthaDamus_3zu2-scaled.jpg\",\"datePublished\":\"2024-05-30T12:41:10+00:00\",\"dateModified\":\"2025-07-29T09:11:30+00:00\",\"author\":{\"@id\":\"https:\\\/\\\/festival.hfd.digital\\\/de\\\/#\\\/schema\\\/person\\\/fce5912bd408154459e862f46bce52f0\"},\"description\":\"Entdecken Sie im Creative:Space beim U:FF 2024 eine interaktive Webseite aus digital animierten Bleistiftzeichnungen. Beitrag von Martha Damus.\",\"inLanguage\":\"de\",\"potentialAction\":[{\"@type\":\"ReadAction\",\"target\":[\"https:\\\/\\\/festival.hfd.digital\\\/de\\\/schubs-die-welt-an\\\/\"]}]},{\"@type\":\"ImageObject\",\"inLanguage\":\"de\",\"@id\":\"https:\\\/\\\/festival.hfd.digital\\\/de\\\/schubs-die-welt-an\\\/#primaryimage\",\"url\":\"https:\\\/\\\/festival.hfd.digital\\\/de\\\/wp-content\\\/uploads\\\/sites\\\/3\\\/2024\\\/05\\\/VorschauSchubsDieWeltAn_MarthaDamus_3zu2-scaled.jpg\",\"contentUrl\":\"https:\\\/\\\/festival.hfd.digital\\\/de\\\/wp-content\\\/uploads\\\/sites\\\/3\\\/2024\\\/05\\\/VorschauSchubsDieWeltAn_MarthaDamus_3zu2-scaled.jpg\",\"width\":2560,\"height\":1707,\"caption\":\"Beitragsbild Schubs die Welt an Martha Damas zeigt einen Auschnitt der interaktiven Website.\"},{\"@type\":\"WebSite\",\"@id\":\"https:\\\/\\\/festival.hfd.digital\\\/de\\\/#website\",\"url\":\"https:\\\/\\\/festival.hfd.digital\\\/de\\\/\",\"name\":\"University:Future Festival 2026\",\"description\":\"Das j\u00e4hrliche Festival zur Zukunft der Hochschulbildung.\",\"potentialAction\":[{\"@type\":\"SearchAction\",\"target\":{\"@type\":\"EntryPoint\",\"urlTemplate\":\"https:\\\/\\\/festival.hfd.digital\\\/de\\\/?s={search_term_string}\"},\"query-input\":{\"@type\":\"PropertyValueSpecification\",\"valueRequired\":true,\"valueName\":\"search_term_string\"}}],\"inLanguage\":\"de\"},{\"@type\":\"Person\",\"@id\":\"https:\\\/\\\/festival.hfd.digital\\\/de\\\/#\\\/schema\\\/person\\\/fce5912bd408154459e862f46bce52f0\",\"name\":\"uffteam\",\"url\":\"https:\\\/\\\/festival.hfd.digital\\\/de\\\/author\\\/uffteam\\\/\"}]}<\/script>\n<!-- \/ Yoast SEO plugin. -->","yoast_head_json":{"title":"Schubs die Welt an | Creative:Space University:Future Festival 2024","description":"Entdecken Sie im Creative:Space beim U:FF 2024 eine interaktive Webseite aus digital animierten Bleistiftzeichnungen. Beitrag von Martha Damus.","robots":{"index":"noindex","follow":"follow"},"og_locale":"de_DE","og_type":"article","og_title":"Schubs die Welt an | Creative:Space University:Future Festival 2024","og_description":"Entdecken Sie im Creative:Space beim U:FF 2024 eine interaktive Webseite aus digital animierten Bleistiftzeichnungen von Martha Damus.","og_url":"https:\/\/festival.hfd.digital\/de\/schubs-die-welt-an\/","og_site_name":"University:Future Festival 2026","article_published_time":"2024-05-30T12:41:10+00:00","article_modified_time":"2025-07-29T09:11:30+00:00","og_image":[{"width":2560,"height":1707,"url":"https:\/\/festival.hfd.digital\/de\/wp-content\/uploads\/sites\/3\/2024\/05\/VorschauSchubsDieWeltAn_MarthaDamus_3zu2-scaled.jpg","type":"image\/jpeg"}],"author":"uffteam","twitter_card":"summary_large_image","twitter_misc":{"Verfasst von":"uffteam","Gesch\u00e4tzte Lesezeit":"2\u00a0Minuten"},"schema":{"@context":"https:\/\/schema.org","@graph":[{"@type":"Article","@id":"https:\/\/festival.hfd.digital\/de\/schubs-die-welt-an\/#article","isPartOf":{"@id":"https:\/\/festival.hfd.digital\/de\/schubs-die-welt-an\/"},"author":{"name":"uffteam","@id":"https:\/\/festival.hfd.digital\/de\/#\/schema\/person\/fce5912bd408154459e862f46bce52f0"},"headline":"Schubs die Welt an","datePublished":"2024-05-30T12:41:10+00:00","dateModified":"2025-07-29T09:11:30+00:00","mainEntityOfPage":{"@id":"https:\/\/festival.hfd.digital\/de\/schubs-die-welt-an\/"},"wordCount":279,"image":{"@id":"https:\/\/festival.hfd.digital\/de\/schubs-die-welt-an\/#primaryimage"},"thumbnailUrl":"https:\/\/festival.hfd.digital\/de\/wp-content\/uploads\/sites\/3\/2024\/05\/VorschauSchubsDieWeltAn_MarthaDamus_3zu2-scaled.jpg","articleSection":["Creative:Space 2024"],"inLanguage":"de"},{"@type":"WebPage","@id":"https:\/\/festival.hfd.digital\/de\/schubs-die-welt-an\/","url":"https:\/\/festival.hfd.digital\/de\/schubs-die-welt-an\/","name":"Schubs die Welt an | Creative:Space University:Future Festival 2024","isPartOf":{"@id":"https:\/\/festival.hfd.digital\/de\/#website"},"primaryImageOfPage":{"@id":"https:\/\/festival.hfd.digital\/de\/schubs-die-welt-an\/#primaryimage"},"image":{"@id":"https:\/\/festival.hfd.digital\/de\/schubs-die-welt-an\/#primaryimage"},"thumbnailUrl":"https:\/\/festival.hfd.digital\/de\/wp-content\/uploads\/sites\/3\/2024\/05\/VorschauSchubsDieWeltAn_MarthaDamus_3zu2-scaled.jpg","datePublished":"2024-05-30T12:41:10+00:00","dateModified":"2025-07-29T09:11:30+00:00","author":{"@id":"https:\/\/festival.hfd.digital\/de\/#\/schema\/person\/fce5912bd408154459e862f46bce52f0"},"description":"Entdecken Sie im Creative:Space beim U:FF 2024 eine interaktive Webseite aus digital animierten Bleistiftzeichnungen. Beitrag von Martha Damus.","inLanguage":"de","potentialAction":[{"@type":"ReadAction","target":["https:\/\/festival.hfd.digital\/de\/schubs-die-welt-an\/"]}]},{"@type":"ImageObject","inLanguage":"de","@id":"https:\/\/festival.hfd.digital\/de\/schubs-die-welt-an\/#primaryimage","url":"https:\/\/festival.hfd.digital\/de\/wp-content\/uploads\/sites\/3\/2024\/05\/VorschauSchubsDieWeltAn_MarthaDamus_3zu2-scaled.jpg","contentUrl":"https:\/\/festival.hfd.digital\/de\/wp-content\/uploads\/sites\/3\/2024\/05\/VorschauSchubsDieWeltAn_MarthaDamus_3zu2-scaled.jpg","width":2560,"height":1707,"caption":"Beitragsbild Schubs die Welt an Martha Damas zeigt einen Auschnitt der interaktiven Website."},{"@type":"WebSite","@id":"https:\/\/festival.hfd.digital\/de\/#website","url":"https:\/\/festival.hfd.digital\/de\/","name":"University:Future Festival 2026","description":"Das j\u00e4hrliche Festival zur Zukunft der Hochschulbildung.","potentialAction":[{"@type":"SearchAction","target":{"@type":"EntryPoint","urlTemplate":"https:\/\/festival.hfd.digital\/de\/?s={search_term_string}"},"query-input":{"@type":"PropertyValueSpecification","valueRequired":true,"valueName":"search_term_string"}}],"inLanguage":"de"},{"@type":"Person","@id":"https:\/\/festival.hfd.digital\/de\/#\/schema\/person\/fce5912bd408154459e862f46bce52f0","name":"uffteam","url":"https:\/\/festival.hfd.digital\/de\/author\/uffteam\/"}]}},"_links":{"self":[{"href":"https:\/\/festival.hfd.digital\/de\/wp-json\/wp\/v2\/posts\/8698","targetHints":{"allow":["GET"]}}],"collection":[{"href":"https:\/\/festival.hfd.digital\/de\/wp-json\/wp\/v2\/posts"}],"about":[{"href":"https:\/\/festival.hfd.digital\/de\/wp-json\/wp\/v2\/types\/post"}],"author":[{"embeddable":true,"href":"https:\/\/festival.hfd.digital\/de\/wp-json\/wp\/v2\/users\/48"}],"replies":[{"embeddable":true,"href":"https:\/\/festival.hfd.digital\/de\/wp-json\/wp\/v2\/comments?post=8698"}],"version-history":[{"count":41,"href":"https:\/\/festival.hfd.digital\/de\/wp-json\/wp\/v2\/posts\/8698\/revisions"}],"predecessor-version":[{"id":9295,"href":"https:\/\/festival.hfd.digital\/de\/wp-json\/wp\/v2\/posts\/8698\/revisions\/9295"}],"wp:featuredmedia":[{"embeddable":true,"href":"https:\/\/festival.hfd.digital\/de\/wp-json\/wp\/v2\/media\/8699"}],"wp:attachment":[{"href":"https:\/\/festival.hfd.digital\/de\/wp-json\/wp\/v2\/media?parent=8698"}],"wp:term":[{"taxonomy":"category","embeddable":true,"href":"https:\/\/festival.hfd.digital\/de\/wp-json\/wp\/v2\/categories?post=8698"},{"taxonomy":"post_tag","embeddable":true,"href":"https:\/\/festival.hfd.digital\/de\/wp-json\/wp\/v2\/tags?post=8698"}],"curies":[{"name":"wp","href":"https:\/\/api.w.org\/{rel}","templated":true}]}}