{"id":5650,"date":"2023-03-31T14:30:36","date_gmt":"2023-03-31T14:30:36","guid":{"rendered":"https:\/\/festival.hfd.digital\/de\/?p=5650"},"modified":"2023-04-19T17:39:52","modified_gmt":"2023-04-19T17:39:52","slug":"visualizations-of-diversity-the-process-of-a-poster-campaign","status":"publish","type":"post","link":"https:\/\/festival.hfd.digital\/de\/visualizations-of-diversity-the-process-of-a-poster-campaign\/","title":{"rendered":"Visualizations of Diversity \u2013 The Process of a Poster Campaign"},"content":{"rendered":"\n<p>Diversity Plakatkampagne f\u00fcr die Universit\u00e4t Stuttgart<\/p>\n\n\n\n<p>Die Plakatkampagne wurde im Rahmen eines interdisziplin\u00e4ren Kooperationsprojekts mit den Diversity Kommissionen der Fakult\u00e4ten 2 und 10 (Anne Wei\u00df und Lisa Sch\u00f6llhammer), sowie dem Prorektorat Diversity der Universit\u00e4t Stuttgart mit der HfK+G*, private Hochschule f\u00fcr Kommunikation und Gestaltung Stuttgart, im Studienjahr 2022 realisiert. Ziel war es, die von der Universit\u00e4t Stuttgart erarbeiteten Diversity-Themen sichtbar und emotional erfahrbar zu machen und die Kommunikation dar\u00fcber in Gang zu setzen. Unter der Leitung von Prof.in Michaela K\u00f6hler und Simon Schillings setzten sich Studierende der Studieng\u00e4nge Kommunikationsdesign und Illustration im Rahmen ihres Seminars Visuelle Kommunikation mit den Themen Identit\u00e4t und Diversity auseinander und untersuchten sie inhaltlich und gestalterisch. Grundlage daf\u00fcr bildeten unterschiedliche Designresearch Methoden und Semi Structured Interviews. Diese f\u00fchrten sie vor Ort mit Angeh\u00f6rigen der Universit\u00e4t und international Studierenden auf dem Campus durch. Aus den Ergebnissen entstanden plakative Moodboards, die mittels der Technik Visual Brain Dumping realisiert wurden. Beim Diversity Tag im April 2022 wurden sie als Pop Up Ausstellung auf dem Campus als Schulterblick pr\u00e4sentiert. Im Anschlu\u00df darauf erfolgte die visuelle Konzeption und Gestaltung der indiviudellen Plakatmotive die gro\u00dfformatig umgesetzt und in Din A0 gedruckt und realisiert wurden. Alle Motive wurden im Oktober im Rahmen einer Vernissage an der Universit\u00e4t pr\u00e4sentiert. An diesem Abend wurden auch die besten Plakate ausgew\u00e4hlt. In den folgenden Monaten wurden sie auf dem gesamten Gel\u00e4nde der Universit\u00e4t Stuttgart plakatiert. Der Diversity<br>Fonds der Universit\u00e4t Stuttgart f\u00f6rderte dieses umfangreiche Projekt.<\/p>\n","protected":false},"excerpt":{"rendered":"Diversity Plakatkampagne f\u00fcr die Universit\u00e4t Stuttgart Die Plakatkampagne wurde im Rahmen eines interdisziplin\u00e4ren Kooperationsprojekts mit den Diversity Kommissionen der Fakult\u00e4ten 2 und 10 (Anne Wei\u00df und Lisa Sch\u00f6llhammer), sowie dem Prorektorat Diversity der Universit\u00e4t Stuttgart mit der HfK+G*, private Hochschule f\u00fcr Kommunikation und Gestaltung Stuttgart, im Studienjahr 2022 realisiert. Ziel war es, die von der&#8230; <a class=\"view-article\" href=\"https:\/\/festival.hfd.digital\/de\/visualizations-of-diversity-the-process-of-a-poster-campaign\/\">View Article<\/a>","protected":false},"author":29,"featured_media":5866,"comment_status":"closed","ping_status":"closed","sticky":false,"template":"","format":"standard","meta":{"_acf_changed":false,"inline_featured_image":false,"footnotes":""},"categories":[22],"tags":[],"class_list":["post-5650","post","type-post","status-publish","format-standard","has-post-thumbnail","hentry","category-creativespace-2023"],"acf":[],"yoast_head":"<!-- This site is optimized with the Yoast SEO plugin v27.3 - https:\/\/yoast.com\/product\/yoast-seo-wordpress\/ -->\n<title>Visualizations of Diversity \u2013 The Process of a Poster Campaign - University:Future Festival 2026<\/title>\n<meta name=\"description\" content=\"Der Creative:Space des University:Future Festivals 2023 - Sehen Sie jetzt &quot;Visualizations of Diversity \u2013 The Process of a Poster Campaign&quot;!\" \/>\n<meta name=\"robots\" content=\"index, follow, max-snippet:-1, max-image-preview:large, max-video-preview:-1\" \/>\n<link rel=\"canonical\" href=\"https:\/\/festival.hfd.digital\/de\/visualizations-of-diversity-the-process-of-a-poster-campaign\/\" \/>\n<meta property=\"og:locale\" content=\"de_DE\" \/>\n<meta property=\"og:type\" content=\"article\" \/>\n<meta property=\"og:title\" content=\"&quot;Visualizations of Diversity \u2013 The Process of a Poster Campaign&quot;- Creative:Space des U:FF 2023\" \/>\n<meta property=\"og:description\" content=\"Der Creative:Space des University:Future Festivals 2023 - Sehen Sie jetzt &quot;Visualizations of Diversity \u2013 The Process of a Poster Campaign&quot;!\" \/>\n<meta property=\"og:url\" content=\"https:\/\/festival.hfd.digital\/de\/visualizations-of-diversity-the-process-of-a-poster-campaign\/\" \/>\n<meta property=\"og:site_name\" content=\"University:Future Festival 2026\" \/>\n<meta property=\"article:published_time\" content=\"2023-03-31T14:30:36+00:00\" \/>\n<meta property=\"article:modified_time\" content=\"2023-04-19T17:39:52+00:00\" \/>\n<meta property=\"og:image\" content=\"https:\/\/festival.hfd.digital\/de\/wp-content\/uploads\/sites\/3\/2022\/11\/UFF_Sharepic-Allgemein-Facebook-Vorlage-2.png\" \/>\n\t<meta property=\"og:image:width\" content=\"940\" \/>\n\t<meta property=\"og:image:height\" content=\"788\" \/>\n\t<meta property=\"og:image:type\" content=\"image\/png\" \/>\n<meta name=\"twitter:card\" content=\"summary_large_image\" \/>\n<meta name=\"twitter:title\" content=\"&quot;Visualizations of Diversity \u2013 The Process of a Poster Campaign&quot;- Creative:Space des U:FF 2023\" \/>\n<meta name=\"twitter:description\" content=\"Der Creative:Space des University:Future Festivals 2023 - Sehen Sie jetzt &quot;Visualizations of Diversity \u2013 The Process of a Poster Campaign&quot;!\" \/>\n<meta name=\"twitter:image\" content=\"https:\/\/festival.hfd.digital\/de\/wp-content\/uploads\/sites\/3\/2022\/11\/UFF_Sharepics-Allgemein_Twitter-1.png\" \/>\n<meta name=\"twitter:label1\" content=\"Verfasst von\" \/>\n\t<meta name=\"twitter:data1\" content=\"\" \/>\n\t<meta name=\"twitter:label2\" content=\"Gesch\u00e4tzte Lesezeit\" \/>\n\t<meta name=\"twitter:data2\" content=\"2\u00a0Minuten\" \/>\n<script type=\"application\/ld+json\" class=\"yoast-schema-graph\">{\"@context\":\"https:\\\/\\\/schema.org\",\"@graph\":[{\"@type\":\"Article\",\"@id\":\"https:\\\/\\\/festival.hfd.digital\\\/de\\\/visualizations-of-diversity-the-process-of-a-poster-campaign\\\/#article\",\"isPartOf\":{\"@id\":\"https:\\\/\\\/festival.hfd.digital\\\/de\\\/visualizations-of-diversity-the-process-of-a-poster-campaign\\\/\"},\"author\":{\"name\":\"\",\"@id\":\"\"},\"headline\":\"Visualizations of Diversity \u2013 The Process of a Poster Campaign\",\"datePublished\":\"2023-03-31T14:30:36+00:00\",\"dateModified\":\"2023-04-19T17:39:52+00:00\",\"mainEntityOfPage\":{\"@id\":\"https:\\\/\\\/festival.hfd.digital\\\/de\\\/visualizations-of-diversity-the-process-of-a-poster-campaign\\\/\"},\"wordCount\":269,\"image\":{\"@id\":\"https:\\\/\\\/festival.hfd.digital\\\/de\\\/visualizations-of-diversity-the-process-of-a-poster-campaign\\\/#primaryimage\"},\"thumbnailUrl\":\"https:\\\/\\\/festival.hfd.digital\\\/de\\\/wp-content\\\/uploads\\\/sites\\\/3\\\/2023\\\/03\\\/Diversity-Titel-fuer-das-UF_230419-1.png\",\"articleSection\":[\"Creative:Space 2023\"],\"inLanguage\":\"de\"},{\"@type\":\"WebPage\",\"@id\":\"https:\\\/\\\/festival.hfd.digital\\\/de\\\/visualizations-of-diversity-the-process-of-a-poster-campaign\\\/\",\"url\":\"https:\\\/\\\/festival.hfd.digital\\\/de\\\/visualizations-of-diversity-the-process-of-a-poster-campaign\\\/\",\"name\":\"Visualizations of Diversity \u2013 The Process of a Poster Campaign - University:Future Festival 2026\",\"isPartOf\":{\"@id\":\"https:\\\/\\\/festival.hfd.digital\\\/de\\\/#website\"},\"primaryImageOfPage\":{\"@id\":\"https:\\\/\\\/festival.hfd.digital\\\/de\\\/visualizations-of-diversity-the-process-of-a-poster-campaign\\\/#primaryimage\"},\"image\":{\"@id\":\"https:\\\/\\\/festival.hfd.digital\\\/de\\\/visualizations-of-diversity-the-process-of-a-poster-campaign\\\/#primaryimage\"},\"thumbnailUrl\":\"https:\\\/\\\/festival.hfd.digital\\\/de\\\/wp-content\\\/uploads\\\/sites\\\/3\\\/2023\\\/03\\\/Diversity-Titel-fuer-das-UF_230419-1.png\",\"datePublished\":\"2023-03-31T14:30:36+00:00\",\"dateModified\":\"2023-04-19T17:39:52+00:00\",\"author\":{\"@id\":\"\"},\"description\":\"Der Creative:Space des University:Future Festivals 2023 - Sehen Sie jetzt \\\"Visualizations of Diversity \u2013 The Process of a Poster Campaign\\\"!\",\"inLanguage\":\"de\",\"potentialAction\":[{\"@type\":\"ReadAction\",\"target\":[\"https:\\\/\\\/festival.hfd.digital\\\/de\\\/visualizations-of-diversity-the-process-of-a-poster-campaign\\\/\"]}]},{\"@type\":\"ImageObject\",\"inLanguage\":\"de\",\"@id\":\"https:\\\/\\\/festival.hfd.digital\\\/de\\\/visualizations-of-diversity-the-process-of-a-poster-campaign\\\/#primaryimage\",\"url\":\"https:\\\/\\\/festival.hfd.digital\\\/de\\\/wp-content\\\/uploads\\\/sites\\\/3\\\/2023\\\/03\\\/Diversity-Titel-fuer-das-UF_230419-1.png\",\"contentUrl\":\"https:\\\/\\\/festival.hfd.digital\\\/de\\\/wp-content\\\/uploads\\\/sites\\\/3\\\/2023\\\/03\\\/Diversity-Titel-fuer-das-UF_230419-1.png\",\"width\":7112,\"height\":4009,\"caption\":\"Zwei Plakate der Plakatkampagne Diversity der Privaten Hochschule f\u00fcr Kommunikation und Gestaltung sind abgebildet.\"},{\"@type\":\"WebSite\",\"@id\":\"https:\\\/\\\/festival.hfd.digital\\\/de\\\/#website\",\"url\":\"https:\\\/\\\/festival.hfd.digital\\\/de\\\/\",\"name\":\"University:Future Festival 2026\",\"description\":\"Das j\u00e4hrliche Festival zur Zukunft der Hochschulbildung.\",\"potentialAction\":[{\"@type\":\"SearchAction\",\"target\":{\"@type\":\"EntryPoint\",\"urlTemplate\":\"https:\\\/\\\/festival.hfd.digital\\\/de\\\/?s={search_term_string}\"},\"query-input\":{\"@type\":\"PropertyValueSpecification\",\"valueRequired\":true,\"valueName\":\"search_term_string\"}}],\"inLanguage\":\"de\"},{\"@type\":\"Person\",\"@id\":\"\",\"url\":\"https:\\\/\\\/festival.hfd.digital\\\/de\\\/author\\\/\"}]}<\/script>\n<!-- \/ Yoast SEO plugin. -->","yoast_head_json":{"title":"Visualizations of Diversity \u2013 The Process of a Poster Campaign - University:Future Festival 2026","description":"Der Creative:Space des University:Future Festivals 2023 - Sehen Sie jetzt \"Visualizations of Diversity \u2013 The Process of a Poster Campaign\"!","robots":{"index":"index","follow":"follow","max-snippet":"max-snippet:-1","max-image-preview":"max-image-preview:large","max-video-preview":"max-video-preview:-1"},"canonical":"https:\/\/festival.hfd.digital\/de\/visualizations-of-diversity-the-process-of-a-poster-campaign\/","og_locale":"de_DE","og_type":"article","og_title":"\"Visualizations of Diversity \u2013 The Process of a Poster Campaign\"- Creative:Space des U:FF 2023","og_description":"Der Creative:Space des University:Future Festivals 2023 - Sehen Sie jetzt \"Visualizations of Diversity \u2013 The Process of a Poster Campaign\"!","og_url":"https:\/\/festival.hfd.digital\/de\/visualizations-of-diversity-the-process-of-a-poster-campaign\/","og_site_name":"University:Future Festival 2026","article_published_time":"2023-03-31T14:30:36+00:00","article_modified_time":"2023-04-19T17:39:52+00:00","og_image":[{"width":940,"height":788,"url":"https:\/\/festival.hfd.digital\/de\/wp-content\/uploads\/sites\/3\/2022\/11\/UFF_Sharepic-Allgemein-Facebook-Vorlage-2.png","type":"image\/png"}],"twitter_card":"summary_large_image","twitter_title":"\"Visualizations of Diversity \u2013 The Process of a Poster Campaign\"- Creative:Space des U:FF 2023","twitter_description":"Der Creative:Space des University:Future Festivals 2023 - Sehen Sie jetzt \"Visualizations of Diversity \u2013 The Process of a Poster Campaign\"!","twitter_image":"https:\/\/festival.hfd.digital\/de\/wp-content\/uploads\/sites\/3\/2022\/11\/UFF_Sharepics-Allgemein_Twitter-1.png","twitter_misc":{"Verfasst von":"","Gesch\u00e4tzte Lesezeit":"2\u00a0Minuten"},"schema":{"@context":"https:\/\/schema.org","@graph":[{"@type":"Article","@id":"https:\/\/festival.hfd.digital\/de\/visualizations-of-diversity-the-process-of-a-poster-campaign\/#article","isPartOf":{"@id":"https:\/\/festival.hfd.digital\/de\/visualizations-of-diversity-the-process-of-a-poster-campaign\/"},"author":{"name":"","@id":""},"headline":"Visualizations of Diversity \u2013 The Process of a Poster Campaign","datePublished":"2023-03-31T14:30:36+00:00","dateModified":"2023-04-19T17:39:52+00:00","mainEntityOfPage":{"@id":"https:\/\/festival.hfd.digital\/de\/visualizations-of-diversity-the-process-of-a-poster-campaign\/"},"wordCount":269,"image":{"@id":"https:\/\/festival.hfd.digital\/de\/visualizations-of-diversity-the-process-of-a-poster-campaign\/#primaryimage"},"thumbnailUrl":"https:\/\/festival.hfd.digital\/de\/wp-content\/uploads\/sites\/3\/2023\/03\/Diversity-Titel-fuer-das-UF_230419-1.png","articleSection":["Creative:Space 2023"],"inLanguage":"de"},{"@type":"WebPage","@id":"https:\/\/festival.hfd.digital\/de\/visualizations-of-diversity-the-process-of-a-poster-campaign\/","url":"https:\/\/festival.hfd.digital\/de\/visualizations-of-diversity-the-process-of-a-poster-campaign\/","name":"Visualizations of Diversity \u2013 The Process of a Poster Campaign - University:Future Festival 2026","isPartOf":{"@id":"https:\/\/festival.hfd.digital\/de\/#website"},"primaryImageOfPage":{"@id":"https:\/\/festival.hfd.digital\/de\/visualizations-of-diversity-the-process-of-a-poster-campaign\/#primaryimage"},"image":{"@id":"https:\/\/festival.hfd.digital\/de\/visualizations-of-diversity-the-process-of-a-poster-campaign\/#primaryimage"},"thumbnailUrl":"https:\/\/festival.hfd.digital\/de\/wp-content\/uploads\/sites\/3\/2023\/03\/Diversity-Titel-fuer-das-UF_230419-1.png","datePublished":"2023-03-31T14:30:36+00:00","dateModified":"2023-04-19T17:39:52+00:00","author":{"@id":""},"description":"Der Creative:Space des University:Future Festivals 2023 - Sehen Sie jetzt \"Visualizations of Diversity \u2013 The Process of a Poster Campaign\"!","inLanguage":"de","potentialAction":[{"@type":"ReadAction","target":["https:\/\/festival.hfd.digital\/de\/visualizations-of-diversity-the-process-of-a-poster-campaign\/"]}]},{"@type":"ImageObject","inLanguage":"de","@id":"https:\/\/festival.hfd.digital\/de\/visualizations-of-diversity-the-process-of-a-poster-campaign\/#primaryimage","url":"https:\/\/festival.hfd.digital\/de\/wp-content\/uploads\/sites\/3\/2023\/03\/Diversity-Titel-fuer-das-UF_230419-1.png","contentUrl":"https:\/\/festival.hfd.digital\/de\/wp-content\/uploads\/sites\/3\/2023\/03\/Diversity-Titel-fuer-das-UF_230419-1.png","width":7112,"height":4009,"caption":"Zwei Plakate der Plakatkampagne Diversity der Privaten Hochschule f\u00fcr Kommunikation und Gestaltung sind abgebildet."},{"@type":"WebSite","@id":"https:\/\/festival.hfd.digital\/de\/#website","url":"https:\/\/festival.hfd.digital\/de\/","name":"University:Future Festival 2026","description":"Das j\u00e4hrliche Festival zur Zukunft der Hochschulbildung.","potentialAction":[{"@type":"SearchAction","target":{"@type":"EntryPoint","urlTemplate":"https:\/\/festival.hfd.digital\/de\/?s={search_term_string}"},"query-input":{"@type":"PropertyValueSpecification","valueRequired":true,"valueName":"search_term_string"}}],"inLanguage":"de"},{"@type":"Person","@id":"","url":"https:\/\/festival.hfd.digital\/de\/author\/"}]}},"_links":{"self":[{"href":"https:\/\/festival.hfd.digital\/de\/wp-json\/wp\/v2\/posts\/5650","targetHints":{"allow":["GET"]}}],"collection":[{"href":"https:\/\/festival.hfd.digital\/de\/wp-json\/wp\/v2\/posts"}],"about":[{"href":"https:\/\/festival.hfd.digital\/de\/wp-json\/wp\/v2\/types\/post"}],"author":[{"embeddable":true,"href":"https:\/\/festival.hfd.digital\/de\/wp-json\/wp\/v2\/users\/29"}],"replies":[{"embeddable":true,"href":"https:\/\/festival.hfd.digital\/de\/wp-json\/wp\/v2\/comments?post=5650"}],"version-history":[{"count":11,"href":"https:\/\/festival.hfd.digital\/de\/wp-json\/wp\/v2\/posts\/5650\/revisions"}],"predecessor-version":[{"id":8416,"href":"https:\/\/festival.hfd.digital\/de\/wp-json\/wp\/v2\/posts\/5650\/revisions\/8416"}],"wp:featuredmedia":[{"embeddable":true,"href":"https:\/\/festival.hfd.digital\/de\/wp-json\/wp\/v2\/media\/5866"}],"wp:attachment":[{"href":"https:\/\/festival.hfd.digital\/de\/wp-json\/wp\/v2\/media?parent=5650"}],"wp:term":[{"taxonomy":"category","embeddable":true,"href":"https:\/\/festival.hfd.digital\/de\/wp-json\/wp\/v2\/categories?post=5650"},{"taxonomy":"post_tag","embeddable":true,"href":"https:\/\/festival.hfd.digital\/de\/wp-json\/wp\/v2\/tags?post=5650"}],"curies":[{"name":"wp","href":"https:\/\/api.w.org\/{rel}","templated":true}]}}