{"id":5646,"date":"2023-03-29T14:39:34","date_gmt":"2023-03-29T14:39:34","guid":{"rendered":"https:\/\/festival.hfd.digital\/de\/?p=5646"},"modified":"2023-04-20T14:26:18","modified_gmt":"2023-04-20T14:26:18","slug":"the-faith-love-hope-project","status":"publish","type":"post","link":"https:\/\/festival.hfd.digital\/de\/the-faith-love-hope-project\/","title":{"rendered":"The Faith\/ Hope\/ Love Project"},"content":{"rendered":"\n<p>Seit nunmehr einiger Zeit ist unser Alltag durch extreme Umst\u00e4nde gepr\u00e4gt. T\u00e4gliche Berichte \u00fcber Rassismus, Gewalt, zerst\u00f6rte Existenzen und Menschenhass pr\u00e4gen sich in unser Bewusstsein ein. Auch die j\u00fcngst in Osteuropa vollbrachten Gr\u00e4ueltaten, die Europa in einen Schleier aus Trauer geh\u00fcllt haben, geh\u00f6ren nun zu dieser grausamen Realit\u00e4t, die wir uns alle teilen. Ver\u00e4nderung ist ein Prozess, der in vielen kleinen Schritten vollzogen wird. Und doch f\u00fchlt es sich oft so an, als w\u00fcrden wir nach jedem Schritt vorw\u00e4rts immer zwei Schritte zur\u00fcck gehen. Menschliches Leid ist nicht nur eine physische, sondern auch eine psychische Last, die auf den Schultern der Welt und ihrer Bev\u00f6lkerung liegt. Reaktionen der Kunst folgen meist unmittelbar auf ma\u00dfgebliche Ver\u00e4nderungen in unserer Gesellschaft. Die Kunst erm\u00f6glicht es uns, einen anderen Bezug zu den sich im st\u00e4ndigen Wandel befindenden Umst\u00e4nden der Welt zu finden. In unserer heutigen Zeit ist es Gang und G\u00e4be, Geschehenes durch die Fotografie als Momentaufnahme festzuhalten. Wir leben im Glauben, dass die Fotografie der beste Weg sei, unsere Realit\u00e4t zu konservieren und f\u00fcr die Ewigkeit festzuhalten. Und doch ist ein Foto auch nur ein Abbild von dem, was einst mal war, eine Kopie von dem, was in die Erinnerungen von so vielen eingebrannt wurde.<\/p>\n\n\n\n<p>Vor inzwischen schon fast zwanzig Jahren beschrieb Susan Sontag die Kriegsfotografie als Reflexion unserer Verh\u00e4ltnisse zu dem, was in den Fotos abgebildet ist. Als Au\u00dfenseiter betrachten wir die auf den Fotos abgebildeten Umst\u00e4nde und versuchen zu verstehen, welche Emotionen wohl die befallen, die als Motiv f\u00fcr die Fotos abgelichtet wurden. Auch Fotos, die scheinbar nur dokumentarischen Zwecken dienen, sind schlussendlich nur ein Ausschnitt, und kein Abbild der Wirklichkeit. Laut Susan Sontag h\u00e4ngt die Aussage des Motivs grunds\u00e4tzlich vom gew\u00e4hlten Ausschnitt ab. Erkl\u00e4render Text dient dabei als St\u00fctze. Denn Fotografien selbst ergeben keine Narration. Ein Kriegsbild ist sehr wohl ein Schreckensbild, aber seine Wahrheit und Bedeutung ergibt sich allein durch den Text, der es einrahmt und seinen Sinn stabilisiert.<\/p>\n\n\n\n<p>So ist der Text das richtungsweisende Element f\u00fcr das Verst\u00e4ndnis eines sich im Raum befindenden Bildes. Im Vordergrund steht sowohl die forschende Untersuchung und pers\u00f6nliche Auseinandersetzung mit aktueller Kriegsfotografie und der dazugeh\u00f6rigen textlichen Einordnung. Interviews mit Angeh\u00f6rigen, sowie der Input des Grafikdesigners Frieder Grindler, der als einer der profiliertesten Plakatk\u00fcnstler Deutschlands gilt, bilden das Fundament dieses ausf\u00fchrlichen und pers\u00f6nlichen Projekts.<\/p>\n","protected":false},"excerpt":{"rendered":"Seit nunmehr einiger Zeit ist unser Alltag durch extreme Umst\u00e4nde gepr\u00e4gt. T\u00e4gliche Berichte \u00fcber Rassismus, Gewalt, zerst\u00f6rte Existenzen und Menschenhass pr\u00e4gen sich in unser Bewusstsein ein. Auch die j\u00fcngst in Osteuropa vollbrachten Gr\u00e4ueltaten, die Europa in einen Schleier aus Trauer geh\u00fcllt haben, geh\u00f6ren nun zu dieser grausamen Realit\u00e4t, die wir uns alle teilen. Ver\u00e4nderung ist&#8230; <a class=\"view-article\" href=\"https:\/\/festival.hfd.digital\/de\/the-faith-love-hope-project\/\">View Article<\/a>","protected":false},"author":29,"featured_media":5783,"comment_status":"closed","ping_status":"closed","sticky":false,"template":"","format":"standard","meta":{"_acf_changed":false,"inline_featured_image":false,"footnotes":""},"categories":[22],"tags":[],"class_list":["post-5646","post","type-post","status-publish","format-standard","has-post-thumbnail","hentry","category-creativespace-2023"],"acf":[],"yoast_head":"<!-- This site is optimized with the Yoast SEO plugin v27.3 - https:\/\/yoast.com\/product\/yoast-seo-wordpress\/ -->\n<title>The Faith\/ Hope\/ Love Project - University:Future Festival 2026<\/title>\n<meta name=\"description\" content=\"Der Creative:Space des University:Future Festivals 2023 - Entdecken Sie jetzt &quot;The Faith\/ Hope\/ Love Project&quot;.\" \/>\n<meta name=\"robots\" content=\"index, follow, max-snippet:-1, max-image-preview:large, max-video-preview:-1\" \/>\n<link rel=\"canonical\" href=\"https:\/\/festival.hfd.digital\/de\/the-faith-love-hope-project\/\" \/>\n<meta property=\"og:locale\" content=\"de_DE\" \/>\n<meta property=\"og:type\" content=\"article\" \/>\n<meta property=\"og:title\" content=\"The Faith\/ Hope\/ Love Project: Creative:Space des U:FF 2023\" \/>\n<meta property=\"og:description\" content=\"Der Creative:Space des University:Future Festivals 2023 - Entdecken Sie jetzt &quot;The Faith\/ Hope\/ Love Project&quot;.\" \/>\n<meta property=\"og:url\" content=\"https:\/\/festival.hfd.digital\/de\/the-faith-love-hope-project\/\" \/>\n<meta property=\"og:site_name\" content=\"University:Future Festival 2026\" \/>\n<meta property=\"article:published_time\" content=\"2023-03-29T14:39:34+00:00\" \/>\n<meta property=\"article:modified_time\" content=\"2023-04-20T14:26:18+00:00\" \/>\n<meta property=\"og:image\" content=\"https:\/\/festival.hfd.digital\/de\/wp-content\/uploads\/sites\/3\/2022\/11\/UFF_Sharepic-Allgemein-Facebook-Vorlage-2.png\" \/>\n\t<meta property=\"og:image:width\" content=\"940\" \/>\n\t<meta property=\"og:image:height\" content=\"788\" \/>\n\t<meta property=\"og:image:type\" content=\"image\/png\" \/>\n<meta name=\"twitter:card\" content=\"summary_large_image\" \/>\n<meta name=\"twitter:title\" content=\"The Faith\/ Hope\/ Love Project: Creative:Space des U:FF 2023\" \/>\n<meta name=\"twitter:description\" content=\"Der Creative:Space des University:Future Festivals 2023 - Entdecken Sie jetzt &quot;The Faith\/ Hope\/ Love Project&quot;.\" \/>\n<meta name=\"twitter:image\" content=\"https:\/\/festival.hfd.digital\/de\/wp-content\/uploads\/sites\/3\/2022\/11\/UFF_Sharepic-Allgemein-Facebook-Vorlage-2.png\" \/>\n<meta name=\"twitter:label1\" content=\"Verfasst von\" \/>\n\t<meta name=\"twitter:data1\" content=\"\" \/>\n\t<meta name=\"twitter:label2\" content=\"Gesch\u00e4tzte Lesezeit\" \/>\n\t<meta name=\"twitter:data2\" content=\"3\u00a0Minuten\" \/>\n<script type=\"application\/ld+json\" class=\"yoast-schema-graph\">{\"@context\":\"https:\\\/\\\/schema.org\",\"@graph\":[{\"@type\":\"Article\",\"@id\":\"https:\\\/\\\/festival.hfd.digital\\\/de\\\/the-faith-love-hope-project\\\/#article\",\"isPartOf\":{\"@id\":\"https:\\\/\\\/festival.hfd.digital\\\/de\\\/the-faith-love-hope-project\\\/\"},\"author\":{\"name\":\"\",\"@id\":\"\"},\"headline\":\"The Faith\\\/ Hope\\\/ Love Project\",\"datePublished\":\"2023-03-29T14:39:34+00:00\",\"dateModified\":\"2023-04-20T14:26:18+00:00\",\"mainEntityOfPage\":{\"@id\":\"https:\\\/\\\/festival.hfd.digital\\\/de\\\/the-faith-love-hope-project\\\/\"},\"wordCount\":426,\"image\":{\"@id\":\"https:\\\/\\\/festival.hfd.digital\\\/de\\\/the-faith-love-hope-project\\\/#primaryimage\"},\"thumbnailUrl\":\"https:\\\/\\\/festival.hfd.digital\\\/de\\\/wp-content\\\/uploads\\\/sites\\\/3\\\/2023\\\/03\\\/Faith-_Hope-_Love-Titel.png\",\"articleSection\":[\"Creative:Space 2023\"],\"inLanguage\":\"de\"},{\"@type\":\"WebPage\",\"@id\":\"https:\\\/\\\/festival.hfd.digital\\\/de\\\/the-faith-love-hope-project\\\/\",\"url\":\"https:\\\/\\\/festival.hfd.digital\\\/de\\\/the-faith-love-hope-project\\\/\",\"name\":\"The Faith\\\/ Hope\\\/ Love Project - University:Future Festival 2026\",\"isPartOf\":{\"@id\":\"https:\\\/\\\/festival.hfd.digital\\\/de\\\/#website\"},\"primaryImageOfPage\":{\"@id\":\"https:\\\/\\\/festival.hfd.digital\\\/de\\\/the-faith-love-hope-project\\\/#primaryimage\"},\"image\":{\"@id\":\"https:\\\/\\\/festival.hfd.digital\\\/de\\\/the-faith-love-hope-project\\\/#primaryimage\"},\"thumbnailUrl\":\"https:\\\/\\\/festival.hfd.digital\\\/de\\\/wp-content\\\/uploads\\\/sites\\\/3\\\/2023\\\/03\\\/Faith-_Hope-_Love-Titel.png\",\"datePublished\":\"2023-03-29T14:39:34+00:00\",\"dateModified\":\"2023-04-20T14:26:18+00:00\",\"author\":{\"@id\":\"\"},\"description\":\"Der Creative:Space des University:Future Festivals 2023 - Entdecken Sie jetzt \\\"The Faith\\\/ Hope\\\/ Love Project\\\".\",\"inLanguage\":\"de\",\"potentialAction\":[{\"@type\":\"ReadAction\",\"target\":[\"https:\\\/\\\/festival.hfd.digital\\\/de\\\/the-faith-love-hope-project\\\/\"]}]},{\"@type\":\"ImageObject\",\"inLanguage\":\"de\",\"@id\":\"https:\\\/\\\/festival.hfd.digital\\\/de\\\/the-faith-love-hope-project\\\/#primaryimage\",\"url\":\"https:\\\/\\\/festival.hfd.digital\\\/de\\\/wp-content\\\/uploads\\\/sites\\\/3\\\/2023\\\/03\\\/Faith-_Hope-_Love-Titel.png\",\"contentUrl\":\"https:\\\/\\\/festival.hfd.digital\\\/de\\\/wp-content\\\/uploads\\\/sites\\\/3\\\/2023\\\/03\\\/Faith-_Hope-_Love-Titel.png\",\"width\":3336,\"height\":1860},{\"@type\":\"WebSite\",\"@id\":\"https:\\\/\\\/festival.hfd.digital\\\/de\\\/#website\",\"url\":\"https:\\\/\\\/festival.hfd.digital\\\/de\\\/\",\"name\":\"University:Future Festival 2026\",\"description\":\"Das j\u00e4hrliche Festival zur Zukunft der Hochschulbildung.\",\"potentialAction\":[{\"@type\":\"SearchAction\",\"target\":{\"@type\":\"EntryPoint\",\"urlTemplate\":\"https:\\\/\\\/festival.hfd.digital\\\/de\\\/?s={search_term_string}\"},\"query-input\":{\"@type\":\"PropertyValueSpecification\",\"valueRequired\":true,\"valueName\":\"search_term_string\"}}],\"inLanguage\":\"de\"},{\"@type\":\"Person\",\"@id\":\"\",\"url\":\"https:\\\/\\\/festival.hfd.digital\\\/de\\\/author\\\/\"}]}<\/script>\n<!-- \/ Yoast SEO plugin. -->","yoast_head_json":{"title":"The Faith\/ Hope\/ Love Project - University:Future Festival 2026","description":"Der Creative:Space des University:Future Festivals 2023 - Entdecken Sie jetzt \"The Faith\/ Hope\/ Love Project\".","robots":{"index":"index","follow":"follow","max-snippet":"max-snippet:-1","max-image-preview":"max-image-preview:large","max-video-preview":"max-video-preview:-1"},"canonical":"https:\/\/festival.hfd.digital\/de\/the-faith-love-hope-project\/","og_locale":"de_DE","og_type":"article","og_title":"The Faith\/ Hope\/ Love Project: Creative:Space des U:FF 2023","og_description":"Der Creative:Space des University:Future Festivals 2023 - Entdecken Sie jetzt \"The Faith\/ Hope\/ Love Project\".","og_url":"https:\/\/festival.hfd.digital\/de\/the-faith-love-hope-project\/","og_site_name":"University:Future Festival 2026","article_published_time":"2023-03-29T14:39:34+00:00","article_modified_time":"2023-04-20T14:26:18+00:00","og_image":[{"width":940,"height":788,"url":"https:\/\/festival.hfd.digital\/de\/wp-content\/uploads\/sites\/3\/2022\/11\/UFF_Sharepic-Allgemein-Facebook-Vorlage-2.png","type":"image\/png"}],"twitter_card":"summary_large_image","twitter_title":"The Faith\/ Hope\/ Love Project: Creative:Space des U:FF 2023","twitter_description":"Der Creative:Space des University:Future Festivals 2023 - Entdecken Sie jetzt \"The Faith\/ Hope\/ Love Project\".","twitter_image":"https:\/\/festival.hfd.digital\/de\/wp-content\/uploads\/sites\/3\/2022\/11\/UFF_Sharepic-Allgemein-Facebook-Vorlage-2.png","twitter_misc":{"Verfasst von":"","Gesch\u00e4tzte Lesezeit":"3\u00a0Minuten"},"schema":{"@context":"https:\/\/schema.org","@graph":[{"@type":"Article","@id":"https:\/\/festival.hfd.digital\/de\/the-faith-love-hope-project\/#article","isPartOf":{"@id":"https:\/\/festival.hfd.digital\/de\/the-faith-love-hope-project\/"},"author":{"name":"","@id":""},"headline":"The Faith\/ Hope\/ Love Project","datePublished":"2023-03-29T14:39:34+00:00","dateModified":"2023-04-20T14:26:18+00:00","mainEntityOfPage":{"@id":"https:\/\/festival.hfd.digital\/de\/the-faith-love-hope-project\/"},"wordCount":426,"image":{"@id":"https:\/\/festival.hfd.digital\/de\/the-faith-love-hope-project\/#primaryimage"},"thumbnailUrl":"https:\/\/festival.hfd.digital\/de\/wp-content\/uploads\/sites\/3\/2023\/03\/Faith-_Hope-_Love-Titel.png","articleSection":["Creative:Space 2023"],"inLanguage":"de"},{"@type":"WebPage","@id":"https:\/\/festival.hfd.digital\/de\/the-faith-love-hope-project\/","url":"https:\/\/festival.hfd.digital\/de\/the-faith-love-hope-project\/","name":"The Faith\/ Hope\/ Love Project - University:Future Festival 2026","isPartOf":{"@id":"https:\/\/festival.hfd.digital\/de\/#website"},"primaryImageOfPage":{"@id":"https:\/\/festival.hfd.digital\/de\/the-faith-love-hope-project\/#primaryimage"},"image":{"@id":"https:\/\/festival.hfd.digital\/de\/the-faith-love-hope-project\/#primaryimage"},"thumbnailUrl":"https:\/\/festival.hfd.digital\/de\/wp-content\/uploads\/sites\/3\/2023\/03\/Faith-_Hope-_Love-Titel.png","datePublished":"2023-03-29T14:39:34+00:00","dateModified":"2023-04-20T14:26:18+00:00","author":{"@id":""},"description":"Der Creative:Space des University:Future Festivals 2023 - Entdecken Sie jetzt \"The Faith\/ Hope\/ Love Project\".","inLanguage":"de","potentialAction":[{"@type":"ReadAction","target":["https:\/\/festival.hfd.digital\/de\/the-faith-love-hope-project\/"]}]},{"@type":"ImageObject","inLanguage":"de","@id":"https:\/\/festival.hfd.digital\/de\/the-faith-love-hope-project\/#primaryimage","url":"https:\/\/festival.hfd.digital\/de\/wp-content\/uploads\/sites\/3\/2023\/03\/Faith-_Hope-_Love-Titel.png","contentUrl":"https:\/\/festival.hfd.digital\/de\/wp-content\/uploads\/sites\/3\/2023\/03\/Faith-_Hope-_Love-Titel.png","width":3336,"height":1860},{"@type":"WebSite","@id":"https:\/\/festival.hfd.digital\/de\/#website","url":"https:\/\/festival.hfd.digital\/de\/","name":"University:Future Festival 2026","description":"Das j\u00e4hrliche Festival zur Zukunft der Hochschulbildung.","potentialAction":[{"@type":"SearchAction","target":{"@type":"EntryPoint","urlTemplate":"https:\/\/festival.hfd.digital\/de\/?s={search_term_string}"},"query-input":{"@type":"PropertyValueSpecification","valueRequired":true,"valueName":"search_term_string"}}],"inLanguage":"de"},{"@type":"Person","@id":"","url":"https:\/\/festival.hfd.digital\/de\/author\/"}]}},"_links":{"self":[{"href":"https:\/\/festival.hfd.digital\/de\/wp-json\/wp\/v2\/posts\/5646","targetHints":{"allow":["GET"]}}],"collection":[{"href":"https:\/\/festival.hfd.digital\/de\/wp-json\/wp\/v2\/posts"}],"about":[{"href":"https:\/\/festival.hfd.digital\/de\/wp-json\/wp\/v2\/types\/post"}],"author":[{"embeddable":true,"href":"https:\/\/festival.hfd.digital\/de\/wp-json\/wp\/v2\/users\/29"}],"replies":[{"embeddable":true,"href":"https:\/\/festival.hfd.digital\/de\/wp-json\/wp\/v2\/comments?post=5646"}],"version-history":[{"count":22,"href":"https:\/\/festival.hfd.digital\/de\/wp-json\/wp\/v2\/posts\/5646\/revisions"}],"predecessor-version":[{"id":5897,"href":"https:\/\/festival.hfd.digital\/de\/wp-json\/wp\/v2\/posts\/5646\/revisions\/5897"}],"wp:featuredmedia":[{"embeddable":true,"href":"https:\/\/festival.hfd.digital\/de\/wp-json\/wp\/v2\/media\/5783"}],"wp:attachment":[{"href":"https:\/\/festival.hfd.digital\/de\/wp-json\/wp\/v2\/media?parent=5646"}],"wp:term":[{"taxonomy":"category","embeddable":true,"href":"https:\/\/festival.hfd.digital\/de\/wp-json\/wp\/v2\/categories?post=5646"},{"taxonomy":"post_tag","embeddable":true,"href":"https:\/\/festival.hfd.digital\/de\/wp-json\/wp\/v2\/tags?post=5646"}],"curies":[{"name":"wp","href":"https:\/\/api.w.org\/{rel}","templated":true}]}}