{"id":5589,"date":"2023-04-03T12:04:51","date_gmt":"2023-04-03T12:04:51","guid":{"rendered":"https:\/\/festival.hfd.digital\/de\/?p=5589"},"modified":"2023-04-19T17:12:45","modified_gmt":"2023-04-19T17:12:45","slug":"treibsel-strand-der-dinge","status":"publish","type":"post","link":"https:\/\/festival.hfd.digital\/de\/treibsel-strand-der-dinge\/","title":{"rendered":"TREIBSEL ~ Strand der Dinge"},"content":{"rendered":"\n<p>Strandgut oder regional \u00bbTreibsel\u00ab beschreibt alle Objekte, die das Meer str\u00f6mungs-, gezeiten- und wetterbedingt ansp\u00fclt. Das Meer wird zu einem Akteur, der uns scheinbar zuf\u00e4llige geheimnisvolle Einblicke in sein Inneres gew\u00e4hrt. Umweltprobleme vom Klimawandel, \u00fcber exotische, eingeschleppte Arten, bis zu Viren sind ebenso abzulesen, wie ein Gesellschaftsabbild von Konsum und Achtlosigkeit.<br>Welche Rolle spielt der Einsatz von generativer Gestaltung im virtuellen Raum f\u00fcr den Umweltschutz und die Sensibilisierung der Gesellschaft? Dieser und weiteren Fragen ist Thiemo Fr\u00f6mberg anhand des Themas Treibsel in seiner Bachelorarbeit theoretisch und praktisch auf den Grund gegangen. Ausgangspunkt ist die pers\u00f6nliche Suche von Strandgut auf einem ca. 4 km langen Strandabschnitt auf der Insel Borkum im nieders\u00e4chsischen Wattenmeer. Als Ergebnis wurden \u00fcberlebensgro\u00dfe 3D-Modelle der Fundobjekte in virtueller Realit\u00e4t begehbar inszeniert und zu neuen R\u00e4umen ineinander komponiert, in denen sich per Gesten Infromationen abrufen lassen. Der Klang wurde durch die Oberfl\u00e4chen und typische Nutzung der Gegenst\u00e4nde erzeugt. Weitere Aufnahmen aus der m\u00f6glichen fr\u00fcheren Umgebung wuden an verschiedensten Orten auf der Insel und auf Schiffen aufgenommen und verst\u00e4rken eigene Assoziationen zur Herkunft und Geschichte der Dinge.<\/p>\n","protected":false},"excerpt":{"rendered":"Strandgut oder regional \u00bbTreibsel\u00ab beschreibt alle Objekte, die das Meer str\u00f6mungs-, gezeiten- und wetterbedingt ansp\u00fclt. Das Meer wird zu einem Akteur, der uns scheinbar zuf\u00e4llige geheimnisvolle Einblicke in sein Inneres gew\u00e4hrt. Umweltprobleme vom Klimawandel, \u00fcber exotische, eingeschleppte Arten, bis zu Viren sind ebenso abzulesen, wie ein Gesellschaftsabbild von Konsum und Achtlosigkeit.Welche Rolle spielt der Einsatz&#8230; <a class=\"view-article\" href=\"https:\/\/festival.hfd.digital\/de\/treibsel-strand-der-dinge\/\">View Article<\/a>","protected":false},"author":29,"featured_media":5592,"comment_status":"closed","ping_status":"closed","sticky":false,"template":"","format":"standard","meta":{"_acf_changed":false,"inline_featured_image":false,"footnotes":""},"categories":[22],"tags":[],"class_list":["post-5589","post","type-post","status-publish","format-standard","has-post-thumbnail","hentry","category-creativespace-2023"],"acf":[],"yoast_head":"<!-- This site is optimized with the Yoast SEO plugin v27.3 - https:\/\/yoast.com\/product\/yoast-seo-wordpress\/ -->\n<title>TREIBSEL ~ Strand der Dinge - University:Future Festival 2026<\/title>\n<meta name=\"description\" content=\"Der Creative:Space des University:Future Festivals 2023 - Entdecken Sie jetzt Thiemo Fr\u00f6mberg und sein Projekt &quot;TREIBSEL ~ Strand der Dinge&quot;\" \/>\n<meta name=\"robots\" content=\"index, follow, max-snippet:-1, max-image-preview:large, max-video-preview:-1\" \/>\n<link rel=\"canonical\" href=\"https:\/\/festival.hfd.digital\/de\/treibsel-strand-der-dinge\/\" \/>\n<meta property=\"og:locale\" content=\"de_DE\" \/>\n<meta property=\"og:type\" content=\"article\" \/>\n<meta property=\"og:title\" content=\"TREIBSEL ~ Strand der Dinge: Creative:Space des U:FF 2023\" \/>\n<meta property=\"og:description\" content=\"Der Creative:Space des University:Future Festivals 2023 - Sehen Sie jetzt Thiemo Fr\u00f6mberg und sein Projekt &quot;TREIBSEL ~ Strand der Dinge&quot;.\" \/>\n<meta property=\"og:url\" content=\"https:\/\/festival.hfd.digital\/de\/treibsel-strand-der-dinge\/\" \/>\n<meta property=\"og:site_name\" content=\"University:Future Festival 2026\" \/>\n<meta property=\"article:published_time\" content=\"2023-04-03T12:04:51+00:00\" \/>\n<meta property=\"article:modified_time\" content=\"2023-04-19T17:12:45+00:00\" \/>\n<meta property=\"og:image\" content=\"https:\/\/festival.hfd.digital\/de\/wp-content\/uploads\/sites\/3\/2022\/11\/UFF_Sharepic-Allgemein-Facebook-Vorlage-2.png\" \/>\n\t<meta property=\"og:image:width\" content=\"940\" \/>\n\t<meta property=\"og:image:height\" content=\"788\" \/>\n\t<meta property=\"og:image:type\" content=\"image\/png\" \/>\n<meta name=\"twitter:card\" content=\"summary_large_image\" \/>\n<meta name=\"twitter:title\" content=\"TREIBSEL ~ Strand der Dinge: Creative:Space des U:FF 2023\" \/>\n<meta name=\"twitter:description\" content=\"Der Creative:Space des University:Future Festivals 2023 - Sehen Sie jetzt Thiemo Fr\u00f6mberg und sein Projekt &quot;TREIBSEL ~ Strand der Dinge&quot;.\" \/>\n<meta name=\"twitter:image\" content=\"https:\/\/festival.hfd.digital\/de\/wp-content\/uploads\/sites\/3\/2022\/11\/UFF_Sharepics-Allgemein_Twitter-1.png\" \/>\n<meta name=\"twitter:label1\" content=\"Verfasst von\" \/>\n\t<meta name=\"twitter:data1\" content=\"\" \/>\n\t<meta name=\"twitter:label2\" content=\"Gesch\u00e4tzte Lesezeit\" \/>\n\t<meta name=\"twitter:data2\" content=\"1\u00a0Minute\" \/>\n<script type=\"application\/ld+json\" class=\"yoast-schema-graph\">{\"@context\":\"https:\\\/\\\/schema.org\",\"@graph\":[{\"@type\":\"Article\",\"@id\":\"https:\\\/\\\/festival.hfd.digital\\\/de\\\/treibsel-strand-der-dinge\\\/#article\",\"isPartOf\":{\"@id\":\"https:\\\/\\\/festival.hfd.digital\\\/de\\\/treibsel-strand-der-dinge\\\/\"},\"author\":{\"name\":\"\",\"@id\":\"\"},\"headline\":\"TREIBSEL ~ Strand der Dinge\",\"datePublished\":\"2023-04-03T12:04:51+00:00\",\"dateModified\":\"2023-04-19T17:12:45+00:00\",\"mainEntityOfPage\":{\"@id\":\"https:\\\/\\\/festival.hfd.digital\\\/de\\\/treibsel-strand-der-dinge\\\/\"},\"wordCount\":197,\"image\":{\"@id\":\"https:\\\/\\\/festival.hfd.digital\\\/de\\\/treibsel-strand-der-dinge\\\/#primaryimage\"},\"thumbnailUrl\":\"https:\\\/\\\/festival.hfd.digital\\\/de\\\/wp-content\\\/uploads\\\/sites\\\/3\\\/2023\\\/03\\\/Thumbnail_Strandgut_A02-Kopie.jpg\",\"articleSection\":[\"Creative:Space 2023\"],\"inLanguage\":\"de\"},{\"@type\":\"WebPage\",\"@id\":\"https:\\\/\\\/festival.hfd.digital\\\/de\\\/treibsel-strand-der-dinge\\\/\",\"url\":\"https:\\\/\\\/festival.hfd.digital\\\/de\\\/treibsel-strand-der-dinge\\\/\",\"name\":\"TREIBSEL ~ Strand der Dinge - University:Future Festival 2026\",\"isPartOf\":{\"@id\":\"https:\\\/\\\/festival.hfd.digital\\\/de\\\/#website\"},\"primaryImageOfPage\":{\"@id\":\"https:\\\/\\\/festival.hfd.digital\\\/de\\\/treibsel-strand-der-dinge\\\/#primaryimage\"},\"image\":{\"@id\":\"https:\\\/\\\/festival.hfd.digital\\\/de\\\/treibsel-strand-der-dinge\\\/#primaryimage\"},\"thumbnailUrl\":\"https:\\\/\\\/festival.hfd.digital\\\/de\\\/wp-content\\\/uploads\\\/sites\\\/3\\\/2023\\\/03\\\/Thumbnail_Strandgut_A02-Kopie.jpg\",\"datePublished\":\"2023-04-03T12:04:51+00:00\",\"dateModified\":\"2023-04-19T17:12:45+00:00\",\"author\":{\"@id\":\"\"},\"description\":\"Der Creative:Space des University:Future Festivals 2023 - Entdecken Sie jetzt Thiemo Fr\u00f6mberg und sein Projekt \\\"TREIBSEL ~ Strand der Dinge\\\"\",\"inLanguage\":\"de\",\"potentialAction\":[{\"@type\":\"ReadAction\",\"target\":[\"https:\\\/\\\/festival.hfd.digital\\\/de\\\/treibsel-strand-der-dinge\\\/\"]}]},{\"@type\":\"ImageObject\",\"inLanguage\":\"de\",\"@id\":\"https:\\\/\\\/festival.hfd.digital\\\/de\\\/treibsel-strand-der-dinge\\\/#primaryimage\",\"url\":\"https:\\\/\\\/festival.hfd.digital\\\/de\\\/wp-content\\\/uploads\\\/sites\\\/3\\\/2023\\\/03\\\/Thumbnail_Strandgut_A02-Kopie.jpg\",\"contentUrl\":\"https:\\\/\\\/festival.hfd.digital\\\/de\\\/wp-content\\\/uploads\\\/sites\\\/3\\\/2023\\\/03\\\/Thumbnail_Strandgut_A02-Kopie.jpg\",\"width\":1920,\"height\":1080},{\"@type\":\"WebSite\",\"@id\":\"https:\\\/\\\/festival.hfd.digital\\\/de\\\/#website\",\"url\":\"https:\\\/\\\/festival.hfd.digital\\\/de\\\/\",\"name\":\"University:Future Festival 2026\",\"description\":\"Das j\u00e4hrliche Festival zur Zukunft der Hochschulbildung.\",\"potentialAction\":[{\"@type\":\"SearchAction\",\"target\":{\"@type\":\"EntryPoint\",\"urlTemplate\":\"https:\\\/\\\/festival.hfd.digital\\\/de\\\/?s={search_term_string}\"},\"query-input\":{\"@type\":\"PropertyValueSpecification\",\"valueRequired\":true,\"valueName\":\"search_term_string\"}}],\"inLanguage\":\"de\"},{\"@type\":\"Person\",\"@id\":\"\",\"url\":\"https:\\\/\\\/festival.hfd.digital\\\/de\\\/author\\\/\"}]}<\/script>\n<!-- \/ Yoast SEO plugin. -->","yoast_head_json":{"title":"TREIBSEL ~ Strand der Dinge - University:Future Festival 2026","description":"Der Creative:Space des University:Future Festivals 2023 - Entdecken Sie jetzt Thiemo Fr\u00f6mberg und sein Projekt \"TREIBSEL ~ Strand der Dinge\"","robots":{"index":"index","follow":"follow","max-snippet":"max-snippet:-1","max-image-preview":"max-image-preview:large","max-video-preview":"max-video-preview:-1"},"canonical":"https:\/\/festival.hfd.digital\/de\/treibsel-strand-der-dinge\/","og_locale":"de_DE","og_type":"article","og_title":"TREIBSEL ~ Strand der Dinge: Creative:Space des U:FF 2023","og_description":"Der Creative:Space des University:Future Festivals 2023 - Sehen Sie jetzt Thiemo Fr\u00f6mberg und sein Projekt \"TREIBSEL ~ Strand der Dinge\".","og_url":"https:\/\/festival.hfd.digital\/de\/treibsel-strand-der-dinge\/","og_site_name":"University:Future Festival 2026","article_published_time":"2023-04-03T12:04:51+00:00","article_modified_time":"2023-04-19T17:12:45+00:00","og_image":[{"width":940,"height":788,"url":"https:\/\/festival.hfd.digital\/de\/wp-content\/uploads\/sites\/3\/2022\/11\/UFF_Sharepic-Allgemein-Facebook-Vorlage-2.png","type":"image\/png"}],"twitter_card":"summary_large_image","twitter_title":"TREIBSEL ~ Strand der Dinge: Creative:Space des U:FF 2023","twitter_description":"Der Creative:Space des University:Future Festivals 2023 - Sehen Sie jetzt Thiemo Fr\u00f6mberg und sein Projekt \"TREIBSEL ~ Strand der Dinge\".","twitter_image":"https:\/\/festival.hfd.digital\/de\/wp-content\/uploads\/sites\/3\/2022\/11\/UFF_Sharepics-Allgemein_Twitter-1.png","twitter_misc":{"Verfasst von":"","Gesch\u00e4tzte Lesezeit":"1\u00a0Minute"},"schema":{"@context":"https:\/\/schema.org","@graph":[{"@type":"Article","@id":"https:\/\/festival.hfd.digital\/de\/treibsel-strand-der-dinge\/#article","isPartOf":{"@id":"https:\/\/festival.hfd.digital\/de\/treibsel-strand-der-dinge\/"},"author":{"name":"","@id":""},"headline":"TREIBSEL ~ Strand der Dinge","datePublished":"2023-04-03T12:04:51+00:00","dateModified":"2023-04-19T17:12:45+00:00","mainEntityOfPage":{"@id":"https:\/\/festival.hfd.digital\/de\/treibsel-strand-der-dinge\/"},"wordCount":197,"image":{"@id":"https:\/\/festival.hfd.digital\/de\/treibsel-strand-der-dinge\/#primaryimage"},"thumbnailUrl":"https:\/\/festival.hfd.digital\/de\/wp-content\/uploads\/sites\/3\/2023\/03\/Thumbnail_Strandgut_A02-Kopie.jpg","articleSection":["Creative:Space 2023"],"inLanguage":"de"},{"@type":"WebPage","@id":"https:\/\/festival.hfd.digital\/de\/treibsel-strand-der-dinge\/","url":"https:\/\/festival.hfd.digital\/de\/treibsel-strand-der-dinge\/","name":"TREIBSEL ~ Strand der Dinge - University:Future Festival 2026","isPartOf":{"@id":"https:\/\/festival.hfd.digital\/de\/#website"},"primaryImageOfPage":{"@id":"https:\/\/festival.hfd.digital\/de\/treibsel-strand-der-dinge\/#primaryimage"},"image":{"@id":"https:\/\/festival.hfd.digital\/de\/treibsel-strand-der-dinge\/#primaryimage"},"thumbnailUrl":"https:\/\/festival.hfd.digital\/de\/wp-content\/uploads\/sites\/3\/2023\/03\/Thumbnail_Strandgut_A02-Kopie.jpg","datePublished":"2023-04-03T12:04:51+00:00","dateModified":"2023-04-19T17:12:45+00:00","author":{"@id":""},"description":"Der Creative:Space des University:Future Festivals 2023 - Entdecken Sie jetzt Thiemo Fr\u00f6mberg und sein Projekt \"TREIBSEL ~ Strand der Dinge\"","inLanguage":"de","potentialAction":[{"@type":"ReadAction","target":["https:\/\/festival.hfd.digital\/de\/treibsel-strand-der-dinge\/"]}]},{"@type":"ImageObject","inLanguage":"de","@id":"https:\/\/festival.hfd.digital\/de\/treibsel-strand-der-dinge\/#primaryimage","url":"https:\/\/festival.hfd.digital\/de\/wp-content\/uploads\/sites\/3\/2023\/03\/Thumbnail_Strandgut_A02-Kopie.jpg","contentUrl":"https:\/\/festival.hfd.digital\/de\/wp-content\/uploads\/sites\/3\/2023\/03\/Thumbnail_Strandgut_A02-Kopie.jpg","width":1920,"height":1080},{"@type":"WebSite","@id":"https:\/\/festival.hfd.digital\/de\/#website","url":"https:\/\/festival.hfd.digital\/de\/","name":"University:Future Festival 2026","description":"Das j\u00e4hrliche Festival zur Zukunft der Hochschulbildung.","potentialAction":[{"@type":"SearchAction","target":{"@type":"EntryPoint","urlTemplate":"https:\/\/festival.hfd.digital\/de\/?s={search_term_string}"},"query-input":{"@type":"PropertyValueSpecification","valueRequired":true,"valueName":"search_term_string"}}],"inLanguage":"de"},{"@type":"Person","@id":"","url":"https:\/\/festival.hfd.digital\/de\/author\/"}]}},"_links":{"self":[{"href":"https:\/\/festival.hfd.digital\/de\/wp-json\/wp\/v2\/posts\/5589","targetHints":{"allow":["GET"]}}],"collection":[{"href":"https:\/\/festival.hfd.digital\/de\/wp-json\/wp\/v2\/posts"}],"about":[{"href":"https:\/\/festival.hfd.digital\/de\/wp-json\/wp\/v2\/types\/post"}],"author":[{"embeddable":true,"href":"https:\/\/festival.hfd.digital\/de\/wp-json\/wp\/v2\/users\/29"}],"replies":[{"embeddable":true,"href":"https:\/\/festival.hfd.digital\/de\/wp-json\/wp\/v2\/comments?post=5589"}],"version-history":[{"count":24,"href":"https:\/\/festival.hfd.digital\/de\/wp-json\/wp\/v2\/posts\/5589\/revisions"}],"predecessor-version":[{"id":5741,"href":"https:\/\/festival.hfd.digital\/de\/wp-json\/wp\/v2\/posts\/5589\/revisions\/5741"}],"wp:featuredmedia":[{"embeddable":true,"href":"https:\/\/festival.hfd.digital\/de\/wp-json\/wp\/v2\/media\/5592"}],"wp:attachment":[{"href":"https:\/\/festival.hfd.digital\/de\/wp-json\/wp\/v2\/media?parent=5589"}],"wp:term":[{"taxonomy":"category","embeddable":true,"href":"https:\/\/festival.hfd.digital\/de\/wp-json\/wp\/v2\/categories?post=5589"},{"taxonomy":"post_tag","embeddable":true,"href":"https:\/\/festival.hfd.digital\/de\/wp-json\/wp\/v2\/tags?post=5589"}],"curies":[{"name":"wp","href":"https:\/\/api.w.org\/{rel}","templated":true}]}}