{"id":1463,"date":"2020-10-15T14:18:54","date_gmt":"2020-10-15T14:18:54","guid":{"rendered":"https:\/\/festival.hfd.digital\/de\/?p=1463"},"modified":"2020-10-15T14:21:45","modified_gmt":"2020-10-15T14:21:45","slug":"media-pad-mainz","status":"publish","type":"post","link":"https:\/\/festival.hfd.digital\/de\/media-pad-mainz\/","title":{"rendered":"Media Pad Mainz"},"content":{"rendered":"\n<p>Das digitale Sommersemester 2020 hat Lehren und Lernen vor viele Herausforderungen gestellt. Es erfordert von beiden Seiten, ob Lehrende oder Studierende, mehr Mobilit\u00e4t, Flexibilit\u00e4t und Bereitschaft, die eigene Routine zu \u00e4ndern.\u00a0Masterstudierende des Fachbereichs Erziehungswissenschaft mit dem Schwerpunkt &#8222;Lebenslanges Lernen und Medienbildung&#8220; der Johannes Gutenberg-Universit\u00e4t Mainz haben aus ihren Seminaren kreative Beitr\u00e4ge zum digitalen Semester geleistet, Projektideen zum bundesweiten Hackathons #HackYourCampus des Hochschulforums Digitalisierung erarbeitet und digitale Workshops zur Medienkompetenzf\u00f6rderung f\u00fcr Sch\u00fclerinnen und Sch\u00fcler im Rahmen der Ingelheimer Medientage konzipiert.<\/p>\n\n\n\n<div class=\"content_slide_2\"><\/div>\n\n\n\n<p>Unter der Leitung von Christine Kolb und Dr. Petra Bauer wurden die studentischen Beitr\u00e4ge auf unserem <a rel=\"noreferrer noopener\" href=\"https:\/\/mediapadmainz.wordpress.com\/\" target=\"_blank\">Blog Media Pad Mainz<\/a> kreativ zusammengefasst. Beispielsweise widmete sich eine Gruppe dem Thema \u201e<a rel=\"noreferrer noopener\" href=\"https:\/\/mediapadmainz.wordpress.com\/2020\/06\/22\/digital-mindset-vs-human-mindset\/\" target=\"_blank\">Digital Mindset vs. Human Mindset<\/a>\u201c und erstellten dazu einen Podcast. In der 3. Folge des Podcast reflektieren die Studierenden, wie sie das digitale Sommersemester 2020 erlebt haben. H\u00f6rt gerne mal rein!<\/p>\n\n\n\n<div class=\"BorlabsCookie _brlbs-cb-default\"><div class=\"_brlbs-content-blocker\"> <div class=\"_brlbs-default\"> <p>Klicken Sie auf den unteren Button, um den Inhalt von w.soundcloud.com zu laden.<\/p> <p><a class=\"_brlbs-btn\" href=\"#\" data-borlabs-cookie-unblock role=\"button\">Inhalt laden<\/a><\/p> <\/div> <\/div><div class=\"borlabs-hide\" data-borlabs-cookie-type=\"content-blocker\" data-borlabs-cookie-id=\"default\"><script type=\"text\/template\">PGlmcmFtZSBsb2FkaW5nPSJsYXp5IiB3aWR0aD0iMTAwJSIgaGVpZ2h0PSIxNjYiIHNjcm9sbGluZz0ibm8iIGZyYW1lYm9yZGVyPSJubyIgYWxsb3c9ImF1dG9wbGF5IiBzcmM9Imh0dHBzOi8vdy5zb3VuZGNsb3VkLmNvbS9wbGF5ZXIvP3VybD1odHRwcyUzQS8vYXBpLnNvdW5kY2xvdWQuY29tL3RyYWNrcy85MDAwNzAzMDkmIzAzODtjb2xvcj0lMjNmZjU1MDAmIzAzODthdXRvX3BsYXk9ZmFsc2UmIzAzODtoaWRlX3JlbGF0ZWQ9ZmFsc2UmIzAzODtzaG93X2NvbW1lbnRzPXRydWUmIzAzODtzaG93X3VzZXI9dHJ1ZSYjMDM4O3Nob3dfcmVwb3N0cz1mYWxzZSYjMDM4O3Nob3dfdGVhc2VyPXRydWUiPjwvaWZyYW1lPg==<\/script><\/div><\/div><div style=\"font-size: 10px; color: #cccccc;line-break: anywhere;word-break: normal;overflow: hidden;white-space: nowrap;text-overflow: ellipsis; font-family: Interstate,Lucida Grande,Lucida Sans Unicode,Lucida Sans,Garuda,Verdana,Tahoma,sans-serif;font-weight: 100;\"><a href=\"https:\/\/soundcloud.com\/user-155160705\" title=\"User 155160705\" target=\"_blank\" style=\"color: #cccccc; text-decoration: none;\" rel=\"noopener noreferrer\">User 155160705<\/a> \u00b7 <a href=\"https:\/\/soundcloud.com\/user-155160705\/g5-podcast-digital-mindset-vs-human-mindset-folge-3-c5kaulyt\" title=\"#3 Podcast &#x27;Digital Mindset vs. Human Mindset&#x27;\" target=\"_blank\" style=\"color: #cccccc; text-decoration: none;\" rel=\"noopener noreferrer\">#3 Podcast &#x27;Digital Mindset vs. Human Mindset&#x27;<\/a><\/div>\n","protected":false},"excerpt":{"rendered":"Das digitale Sommersemester 2020 hat Lehren und Lernen vor viele Herausforderungen gestellt. Es erfordert von beiden Seiten, ob Lehrende oder Studierende, mehr Mobilit\u00e4t, Flexibilit\u00e4t und Bereitschaft, die eigene Routine zu \u00e4ndern.\u00a0Masterstudierende des Fachbereichs Erziehungswissenschaft mit dem Schwerpunkt &#8222;Lebenslanges Lernen und Medienbildung&#8220; der Johannes Gutenberg-Universit\u00e4t Mainz haben aus ihren Seminaren kreative Beitr\u00e4ge zum digitalen Semester geleistet,&#8230; <a class=\"view-article\" href=\"https:\/\/festival.hfd.digital\/de\/media-pad-mainz\/\">View Article<\/a>","protected":false},"author":2,"featured_media":1465,"comment_status":"closed","ping_status":"closed","sticky":false,"template":"","format":"standard","meta":{"_acf_changed":false,"inline_featured_image":false,"footnotes":""},"categories":[1],"tags":[],"class_list":["post-1463","post","type-post","status-publish","format-standard","has-post-thumbnail","hentry","category-creativespace-2020"],"acf":[],"yoast_head":"<!-- This site is optimized with the Yoast SEO plugin v27.3 - https:\/\/yoast.com\/product\/yoast-seo-wordpress\/ -->\n<title>Media Pad Mainz - University:Future Festival 2026<\/title>\n<meta name=\"robots\" content=\"index, follow, max-snippet:-1, max-image-preview:large, max-video-preview:-1\" \/>\n<link rel=\"canonical\" href=\"https:\/\/festival.hfd.digital\/de\/media-pad-mainz\/\" \/>\n<meta property=\"og:locale\" content=\"de_DE\" \/>\n<meta property=\"og:type\" content=\"article\" \/>\n<meta property=\"og:title\" content=\"Media Pad Mainz - University:Future Festival 2026\" \/>\n<meta property=\"og:description\" content=\"Das digitale Sommersemester 2020 hat Lehren und Lernen vor viele Herausforderungen gestellt. Es erfordert von beiden Seiten, ob Lehrende oder Studierende, mehr Mobilit\u00e4t, Flexibilit\u00e4t und Bereitschaft, die eigene Routine zu \u00e4ndern.\u00a0Masterstudierende des Fachbereichs Erziehungswissenschaft mit dem Schwerpunkt &#8222;Lebenslanges Lernen und Medienbildung&#8220; der Johannes Gutenberg-Universit\u00e4t Mainz haben aus ihren Seminaren kreative Beitr\u00e4ge zum digitalen Semester geleistet,... View Article\" \/>\n<meta property=\"og:url\" content=\"https:\/\/festival.hfd.digital\/de\/media-pad-mainz\/\" \/>\n<meta property=\"og:site_name\" content=\"University:Future Festival 2026\" \/>\n<meta property=\"article:published_time\" content=\"2020-10-15T14:18:54+00:00\" \/>\n<meta property=\"article:modified_time\" content=\"2020-10-15T14:21:45+00:00\" \/>\n<meta property=\"og:image\" content=\"https:\/\/festival.hfd.digital\/de\/wp-content\/uploads\/sites\/3\/2020\/10\/MPM-Front.png\" \/>\n\t<meta property=\"og:image:width\" content=\"2114\" \/>\n\t<meta property=\"og:image:height\" content=\"957\" \/>\n\t<meta property=\"og:image:type\" content=\"image\/png\" \/>\n<meta name=\"twitter:card\" content=\"summary_large_image\" \/>\n<meta name=\"twitter:label1\" content=\"Verfasst von\" \/>\n\t<meta name=\"twitter:data1\" content=\"\" \/>\n\t<meta name=\"twitter:label2\" content=\"Gesch\u00e4tzte Lesezeit\" \/>\n\t<meta name=\"twitter:data2\" content=\"1\u00a0Minute\" \/>\n<script type=\"application\/ld+json\" class=\"yoast-schema-graph\">{\"@context\":\"https:\\\/\\\/schema.org\",\"@graph\":[{\"@type\":\"Article\",\"@id\":\"https:\\\/\\\/festival.hfd.digital\\\/de\\\/media-pad-mainz\\\/#article\",\"isPartOf\":{\"@id\":\"https:\\\/\\\/festival.hfd.digital\\\/de\\\/media-pad-mainz\\\/\"},\"author\":{\"name\":\"\",\"@id\":\"\"},\"headline\":\"Media Pad Mainz\",\"datePublished\":\"2020-10-15T14:18:54+00:00\",\"dateModified\":\"2020-10-15T14:21:45+00:00\",\"mainEntityOfPage\":{\"@id\":\"https:\\\/\\\/festival.hfd.digital\\\/de\\\/media-pad-mainz\\\/\"},\"wordCount\":159,\"image\":{\"@id\":\"https:\\\/\\\/festival.hfd.digital\\\/de\\\/media-pad-mainz\\\/#primaryimage\"},\"thumbnailUrl\":\"https:\\\/\\\/festival.hfd.digital\\\/de\\\/wp-content\\\/uploads\\\/sites\\\/3\\\/2020\\\/10\\\/MPM-Front.png\",\"articleSection\":[\"Creative:Space 2020\"],\"inLanguage\":\"de\"},{\"@type\":\"WebPage\",\"@id\":\"https:\\\/\\\/festival.hfd.digital\\\/de\\\/media-pad-mainz\\\/\",\"url\":\"https:\\\/\\\/festival.hfd.digital\\\/de\\\/media-pad-mainz\\\/\",\"name\":\"Media Pad Mainz - University:Future Festival 2026\",\"isPartOf\":{\"@id\":\"https:\\\/\\\/festival.hfd.digital\\\/de\\\/#website\"},\"primaryImageOfPage\":{\"@id\":\"https:\\\/\\\/festival.hfd.digital\\\/de\\\/media-pad-mainz\\\/#primaryimage\"},\"image\":{\"@id\":\"https:\\\/\\\/festival.hfd.digital\\\/de\\\/media-pad-mainz\\\/#primaryimage\"},\"thumbnailUrl\":\"https:\\\/\\\/festival.hfd.digital\\\/de\\\/wp-content\\\/uploads\\\/sites\\\/3\\\/2020\\\/10\\\/MPM-Front.png\",\"datePublished\":\"2020-10-15T14:18:54+00:00\",\"dateModified\":\"2020-10-15T14:21:45+00:00\",\"author\":{\"@id\":\"\"},\"inLanguage\":\"de\",\"potentialAction\":[{\"@type\":\"ReadAction\",\"target\":[\"https:\\\/\\\/festival.hfd.digital\\\/de\\\/media-pad-mainz\\\/\"]}]},{\"@type\":\"ImageObject\",\"inLanguage\":\"de\",\"@id\":\"https:\\\/\\\/festival.hfd.digital\\\/de\\\/media-pad-mainz\\\/#primaryimage\",\"url\":\"https:\\\/\\\/festival.hfd.digital\\\/de\\\/wp-content\\\/uploads\\\/sites\\\/3\\\/2020\\\/10\\\/MPM-Front.png\",\"contentUrl\":\"https:\\\/\\\/festival.hfd.digital\\\/de\\\/wp-content\\\/uploads\\\/sites\\\/3\\\/2020\\\/10\\\/MPM-Front.png\",\"width\":2114,\"height\":957},{\"@type\":\"WebSite\",\"@id\":\"https:\\\/\\\/festival.hfd.digital\\\/de\\\/#website\",\"url\":\"https:\\\/\\\/festival.hfd.digital\\\/de\\\/\",\"name\":\"University:Future Festival 2026\",\"description\":\"Das j\u00e4hrliche Festival zur Zukunft der Hochschulbildung.\",\"potentialAction\":[{\"@type\":\"SearchAction\",\"target\":{\"@type\":\"EntryPoint\",\"urlTemplate\":\"https:\\\/\\\/festival.hfd.digital\\\/de\\\/?s={search_term_string}\"},\"query-input\":{\"@type\":\"PropertyValueSpecification\",\"valueRequired\":true,\"valueName\":\"search_term_string\"}}],\"inLanguage\":\"de\"},{\"@type\":\"Person\",\"@id\":\"\",\"url\":\"https:\\\/\\\/festival.hfd.digital\\\/de\\\/author\\\/\"}]}<\/script>\n<!-- \/ Yoast SEO plugin. -->","yoast_head_json":{"title":"Media Pad Mainz - University:Future Festival 2026","robots":{"index":"index","follow":"follow","max-snippet":"max-snippet:-1","max-image-preview":"max-image-preview:large","max-video-preview":"max-video-preview:-1"},"canonical":"https:\/\/festival.hfd.digital\/de\/media-pad-mainz\/","og_locale":"de_DE","og_type":"article","og_title":"Media Pad Mainz - University:Future Festival 2026","og_description":"Das digitale Sommersemester 2020 hat Lehren und Lernen vor viele Herausforderungen gestellt. Es erfordert von beiden Seiten, ob Lehrende oder Studierende, mehr Mobilit\u00e4t, Flexibilit\u00e4t und Bereitschaft, die eigene Routine zu \u00e4ndern.\u00a0Masterstudierende des Fachbereichs Erziehungswissenschaft mit dem Schwerpunkt &#8222;Lebenslanges Lernen und Medienbildung&#8220; der Johannes Gutenberg-Universit\u00e4t Mainz haben aus ihren Seminaren kreative Beitr\u00e4ge zum digitalen Semester geleistet,... View Article","og_url":"https:\/\/festival.hfd.digital\/de\/media-pad-mainz\/","og_site_name":"University:Future Festival 2026","article_published_time":"2020-10-15T14:18:54+00:00","article_modified_time":"2020-10-15T14:21:45+00:00","og_image":[{"width":2114,"height":957,"url":"https:\/\/festival.hfd.digital\/de\/wp-content\/uploads\/sites\/3\/2020\/10\/MPM-Front.png","type":"image\/png"}],"twitter_card":"summary_large_image","twitter_misc":{"Verfasst von":"","Gesch\u00e4tzte Lesezeit":"1\u00a0Minute"},"schema":{"@context":"https:\/\/schema.org","@graph":[{"@type":"Article","@id":"https:\/\/festival.hfd.digital\/de\/media-pad-mainz\/#article","isPartOf":{"@id":"https:\/\/festival.hfd.digital\/de\/media-pad-mainz\/"},"author":{"name":"","@id":""},"headline":"Media Pad Mainz","datePublished":"2020-10-15T14:18:54+00:00","dateModified":"2020-10-15T14:21:45+00:00","mainEntityOfPage":{"@id":"https:\/\/festival.hfd.digital\/de\/media-pad-mainz\/"},"wordCount":159,"image":{"@id":"https:\/\/festival.hfd.digital\/de\/media-pad-mainz\/#primaryimage"},"thumbnailUrl":"https:\/\/festival.hfd.digital\/de\/wp-content\/uploads\/sites\/3\/2020\/10\/MPM-Front.png","articleSection":["Creative:Space 2020"],"inLanguage":"de"},{"@type":"WebPage","@id":"https:\/\/festival.hfd.digital\/de\/media-pad-mainz\/","url":"https:\/\/festival.hfd.digital\/de\/media-pad-mainz\/","name":"Media Pad Mainz - University:Future Festival 2026","isPartOf":{"@id":"https:\/\/festival.hfd.digital\/de\/#website"},"primaryImageOfPage":{"@id":"https:\/\/festival.hfd.digital\/de\/media-pad-mainz\/#primaryimage"},"image":{"@id":"https:\/\/festival.hfd.digital\/de\/media-pad-mainz\/#primaryimage"},"thumbnailUrl":"https:\/\/festival.hfd.digital\/de\/wp-content\/uploads\/sites\/3\/2020\/10\/MPM-Front.png","datePublished":"2020-10-15T14:18:54+00:00","dateModified":"2020-10-15T14:21:45+00:00","author":{"@id":""},"inLanguage":"de","potentialAction":[{"@type":"ReadAction","target":["https:\/\/festival.hfd.digital\/de\/media-pad-mainz\/"]}]},{"@type":"ImageObject","inLanguage":"de","@id":"https:\/\/festival.hfd.digital\/de\/media-pad-mainz\/#primaryimage","url":"https:\/\/festival.hfd.digital\/de\/wp-content\/uploads\/sites\/3\/2020\/10\/MPM-Front.png","contentUrl":"https:\/\/festival.hfd.digital\/de\/wp-content\/uploads\/sites\/3\/2020\/10\/MPM-Front.png","width":2114,"height":957},{"@type":"WebSite","@id":"https:\/\/festival.hfd.digital\/de\/#website","url":"https:\/\/festival.hfd.digital\/de\/","name":"University:Future Festival 2026","description":"Das j\u00e4hrliche Festival zur Zukunft der Hochschulbildung.","potentialAction":[{"@type":"SearchAction","target":{"@type":"EntryPoint","urlTemplate":"https:\/\/festival.hfd.digital\/de\/?s={search_term_string}"},"query-input":{"@type":"PropertyValueSpecification","valueRequired":true,"valueName":"search_term_string"}}],"inLanguage":"de"},{"@type":"Person","@id":"","url":"https:\/\/festival.hfd.digital\/de\/author\/"}]}},"_links":{"self":[{"href":"https:\/\/festival.hfd.digital\/de\/wp-json\/wp\/v2\/posts\/1463","targetHints":{"allow":["GET"]}}],"collection":[{"href":"https:\/\/festival.hfd.digital\/de\/wp-json\/wp\/v2\/posts"}],"about":[{"href":"https:\/\/festival.hfd.digital\/de\/wp-json\/wp\/v2\/types\/post"}],"author":[{"embeddable":true,"href":"https:\/\/festival.hfd.digital\/de\/wp-json\/wp\/v2\/users\/2"}],"replies":[{"embeddable":true,"href":"https:\/\/festival.hfd.digital\/de\/wp-json\/wp\/v2\/comments?post=1463"}],"version-history":[{"count":2,"href":"https:\/\/festival.hfd.digital\/de\/wp-json\/wp\/v2\/posts\/1463\/revisions"}],"predecessor-version":[{"id":1468,"href":"https:\/\/festival.hfd.digital\/de\/wp-json\/wp\/v2\/posts\/1463\/revisions\/1468"}],"wp:featuredmedia":[{"embeddable":true,"href":"https:\/\/festival.hfd.digital\/de\/wp-json\/wp\/v2\/media\/1465"}],"wp:attachment":[{"href":"https:\/\/festival.hfd.digital\/de\/wp-json\/wp\/v2\/media?parent=1463"}],"wp:term":[{"taxonomy":"category","embeddable":true,"href":"https:\/\/festival.hfd.digital\/de\/wp-json\/wp\/v2\/categories?post=1463"},{"taxonomy":"post_tag","embeddable":true,"href":"https:\/\/festival.hfd.digital\/de\/wp-json\/wp\/v2\/tags?post=1463"}],"curies":[{"name":"wp","href":"https:\/\/api.w.org\/{rel}","templated":true}]}}